{"id":2140,"date":"2025-01-07T09:02:30","date_gmt":"2025-01-07T09:02:30","guid":{"rendered":"https:\/\/mj-clothing.com\/?p=2140"},"modified":"2025-01-07T09:04:14","modified_gmt":"2025-01-07T09:04:14","slug":"why-womens-clothing-doesnt-have-pockets","status":"publish","type":"post","link":"https:\/\/mj-clothing.com\/cs\/why-womens-clothing-doesnt-have-pockets\/","title":{"rendered":"Pro\u010d d\u00e1msk\u00e9 oble\u010den\u00ed nem\u00e1 kapsy"},"content":{"rendered":"<div class=\"row\"  id=\"row-1394688160\">\n\n\t<div id=\"col-1295571450\" class=\"col medium-6 small-12 large-6\"  >\n\t\t\t\t<div class=\"col-inner\"  >\n\t\t\t\n\t\t\t\n<div id=\"ez-toc-container\" class=\"ez-toc-v2_0_82_2 counter-hierarchy ez-toc-counter ez-toc-grey ez-toc-container-direction\">\n<div class=\"ez-toc-title-container\">\n<p class=\"ez-toc-title\" style=\"cursor:inherit\">Obsah<\/p>\n<span class=\"ez-toc-title-toggle\"><a href=\"#\" class=\"ez-toc-pull-right ez-toc-btn ez-toc-btn-xs ez-toc-btn-default ez-toc-toggle\" aria-label=\"P\u0159epnut\u00ed tabulky obsahu\"><span class=\"ez-toc-js-icon-con\"><span class=\"\"><span class=\"eztoc-hide\" style=\"display:none;\">P\u0159ep\u00edna\u010d<\/span><span class=\"ez-toc-icon-toggle-span\"><svg style=\"fill: #999;color:#999\" xmlns=\"http:\/\/www.w3.org\/2000\/svg\" class=\"list-377408\" width=\"20px\" height=\"20px\" viewbox=\"0 0 24 24\" fill=\"none\"><path d=\"M6 6H4v2h2V6zm14 0H8v2h12V6zM4 11h2v2H4v-2zm16 0H8v2h12v-2zM4 16h2v2H4v-2zm16 0H8v2h12v-2z\" fill=\"currentColor\"><\/path><\/svg><svg style=\"fill: #999;color:#999\" class=\"arrow-unsorted-368013\" xmlns=\"http:\/\/www.w3.org\/2000\/svg\" width=\"10px\" height=\"10px\" viewbox=\"0 0 24 24\" version=\"1.2\" baseprofile=\"tiny\"><path d=\"M18.2 9.3l-6.2-6.3-6.2 6.3c-.2.2-.3.4-.3.7s.1.5.3.7c.2.2.4.3.7.3h11c.3 0 .5-.1.7-.3.2-.2.3-.5.3-.7s-.1-.5-.3-.7zM5.8 14.7l6.2 6.3 6.2-6.3c.2-.2.3-.5.3-.7s-.1-.5-.3-.7c-.2-.2-.4-.3-.7-.3h-11c-.3 0-.5.1-.7.3-.2.2-.3.5-.3.7s.1.5.3.7z\"\/><\/svg><\/span><\/span><\/span><\/a><\/span><\/div>\n<nav><ul class='ez-toc-list ez-toc-list-level-1' ><li class='ez-toc-page-1 ez-toc-heading-level-2'><a class=\"ez-toc-link ez-toc-heading-1\" href=\"https:\/\/mj-clothing.com\/cs\/why-womens-clothing-doesnt-have-pockets\/#Why_Womens_Clothing_Doesnt_Have_Pockets_Exploring_the_Frustrating_Reality\" >Pro\u010d d\u00e1msk\u00e9 oble\u010den\u00ed nem\u00e1 kapsy: Zkoum\u00e1n\u00ed frustruj\u00edc\u00ed reality<\/a><\/li><li class='ez-toc-page-1 ez-toc-heading-level-2'><a class=\"ez-toc-link ez-toc-heading-2\" href=\"https:\/\/mj-clothing.com\/cs\/why-womens-clothing-doesnt-have-pockets\/#I_Introduction_Why_Womens_Clothing_Doesnt_Have_Pockets\" >I. \u00davod Pro\u010d d\u00e1msk\u00e9 oble\u010den\u00ed nem\u00e1 kapsy?<\/a><\/li><li class='ez-toc-page-1 ez-toc-heading-level-2'><a class=\"ez-toc-link ez-toc-heading-3\" href=\"https:\/\/mj-clothing.com\/cs\/why-womens-clothing-doesnt-have-pockets\/#II_Historical_context_Why_Womens_Clothing_Doesnt_Have_Pockets\" >II. Historick\u00e9 souvislosti Pro\u010d d\u00e1msk\u00e9 oble\u010den\u00ed nem\u00e1 kapsy<\/a><\/li><li class='ez-toc-page-1 ez-toc-heading-level-2'><a class=\"ez-toc-link ez-toc-heading-4\" href=\"https:\/\/mj-clothing.com\/cs\/why-womens-clothing-doesnt-have-pockets\/#III_Practical_implications_Why_Womens_Clothing_Doesnt_Have_Pockets\" >III. Praktick\u00e9 d\u016fsledky toho, pro\u010d d\u00e1msk\u00e9 oble\u010den\u00ed nem\u00e1 kapsy<\/a><\/li><li class='ez-toc-page-1 ez-toc-heading-level-2'><a class=\"ez-toc-link ez-toc-heading-5\" href=\"https:\/\/mj-clothing.com\/cs\/why-womens-clothing-doesnt-have-pockets\/#IV_Societal_factors_Why_Womens_Clothing_Doesnt_Have_Pockets\" >IV. Spole\u010densk\u00e9 faktory Pro\u010d d\u00e1msk\u00e9 oble\u010den\u00ed nem\u00e1 kapsy<\/a><\/li><\/ul><\/nav><\/div>\n<h2 data-zone-id=\"0\" data-line-index=\"0\" data-line=\"true\"><span class=\"ez-toc-section\" id=\"Why_Womens_Clothing_Doesnt_Have_Pockets_Exploring_the_Frustrating_Reality\"><\/span><b>Pro\u010d<a href=\"https:\/\/mj-clothing.com\/cs\/Wholesale\/womens-clothing\/\"> D\u00e1msk\u00e9 oble\u010den\u00ed nem\u00e1 kapsy<\/a>: Zkoum\u00e1n\u00ed frustruj\u00edc\u00ed reality<\/b><span class=\"ez-toc-section-end\"><\/span><\/h2>\n<div data-zone-id=\"0\" data-line-index=\"1\" data-line=\"true\">\u00davod: Je tu tich\u00fd boj, kter\u00e9mu denn\u011b \u010del\u00ed nespo\u010det \u017een - nedostatek kapes na oble\u010den\u00ed. Na prvn\u00ed pohled se m\u016f\u017ee zd\u00e1t jako drobn\u00e1 nep\u0159\u00edjemnost, ale jej\u00ed d\u016fsledky jsou hlubok\u00e9. Kapsy nejsou jen prost\u00fdm dopl\u0148kem od\u011bvu, ale funk\u010dn\u00ed nutnost\u00ed, kter\u00e1 n\u00e1m m\u016f\u017ee v\u00fdrazn\u011b usnadnit \u017eivot. A\u0165 u\u017e jde o ulo\u017een\u00ed telefonu, kl\u00ed\u010d\u016f nebo rt\u011bnky pro rychl\u00e9 nal\u00ed\u010den\u00ed, dostate\u010dn\u00fd prostor v kaps\u00e1ch m\u016f\u017ee zm\u011bnit oble\u010den\u00ed z obt\u00ed\u017en\u00e9ho na u\u017eite\u010dn\u00e9ho spole\u010dn\u00edka. V tomto \u010dl\u00e1nku rozebereme mnohostrann\u00fd probl\u00e9m, pro\u010d se \u017eeny \u010dasto setk\u00e1vaj\u00ed s nedostate\u010dn\u00fdmi nebo neexistuj\u00edc\u00edmi kapsami,Pro\u010d d\u00e1msk\u00e9 oble\u010den\u00ed nem\u00e1 kapsy, p\u0159i\u010dem\u017e prozkoum\u00e1me jeho historick\u00e9 ko\u0159eny, praktick\u00e9 d\u016fsledky a spole\u010densk\u00e9 faktory, kter\u00e9 hraj\u00ed roli. Pod\u00edv\u00e1me se tak\u00e9 na vznikaj\u00edc\u00ed \u0159e\u0161en\u00ed a cestu k budoucnosti m\u00f3dy, kter\u00e1 bude spravedliv\u011bj\u0161\u00ed pro kapsy.<\/div>\n\t\t<\/div>\n\t\t\t\t\t<\/div>\n\n\t\n\n\t<div id=\"col-11128484\" class=\"col medium-6 small-12 large-6\"  >\n\t\t\t\t<div class=\"col-inner\"  >\n\t\t\t\n\t\t\t\n\t<div class=\"img has-hover x md-x lg-x y md-y lg-y\" id=\"image_353037843\">\n\t\t<a class=\"\" href=\"https:\/\/mj-clothing.com\/cs\/Wholesale\/womens-clothing\/\" >\t\t\t\t\t\t<div class=\"img-inner dark\" >\n\t\t\t<img loading=\"lazy\" decoding=\"async\" width=\"686\" height=\"386\" src=\"https:\/\/mj-clothing.com\/wp-content\/uploads\/2025\/01\/hq720.jpg\" class=\"attachment-large size-large\" alt=\"Pro\u010d d\u00e1msk\u00e9 oble\u010den\u00ed nem\u00e1 kapsy\" srcset=\"https:\/\/mj-clothing.com\/wp-content\/uploads\/2025\/01\/hq720.jpg 686w, https:\/\/mj-clothing.com\/wp-content\/uploads\/2025\/01\/hq720-300x169.jpg 300w, https:\/\/mj-clothing.com\/wp-content\/uploads\/2025\/01\/hq720-18x10.jpg 18w, https:\/\/mj-clothing.com\/wp-content\/uploads\/2025\/01\/hq720-600x338.jpg 600w\" sizes=\"auto, (max-width: 686px) 100vw, 686px\" \/>\t\t\t\t\t\t\n\t\t\t\t\t<\/div>\n\t\t\t\t\t\t<\/a>\t\t\n<style>\n#image_353037843 {\n  width: 100%;\n}\n<\/style>\n\t<\/div>\n\t\n\t\t<\/div>\n\t\t\t\t\t<\/div>\n\n\t\n<\/div>\n<div data-zone-id=\"0\" data-line-index=\"1\" data-line=\"true\">\u00a0<\/div>\n<div data-zone-id=\"0\" data-line-index=\"2\" data-line=\"true\">\n<h2 class=\"heading-h2\"><span class=\"ez-toc-section\" id=\"I_Introduction_Why_Womens_Clothing_Doesnt_Have_Pockets\"><\/span>I. \u00davod Pro\u010d d\u00e1msk\u00e9 oble\u010den\u00ed nem\u00e1 kapsy?<span class=\"ez-toc-section-end\"><\/span><\/h2>\n<\/div>\n<ul>\n<li class=\"temp-li bullet1\" data-line=\"true\" data-list=\"bullet1\">A. Stru\u010dn\u00fd p\u0159ehled problematiky: Pro\u010d d\u00e1msk\u00e9 oble\u010den\u00ed nem\u00e1 kapsy, a v\u0161imnete si zvl\u00e1\u0161tn\u00edho vzoru. Zd\u00e1 se, \u017ee \u0161aty, sukn\u011b, a dokonce i mnoho p\u00e1r\u016f kalhot je na kapsy skoup\u00fdch. Jako by se na kapsy myslelo a\u017e dodate\u010dn\u011b, pokud se na n\u011b v\u016fbec myslelo. Zat\u00edmco p\u00e1nsk\u00e9 oble\u010den\u00ed \u010dasto obsahuje velkoryse dimenzovan\u00e9 a strategicky um\u00edst\u011bn\u00e9 kapsy, \u017eeny se musej\u00ed pot\u00fdkat s hled\u00e1n\u00edm alternativ, jak nosit sv\u00e9 nezbytnosti. Tento rozd\u00edl se stal zdrojem neust\u00e1l\u00e9 frustrace \u017een v\u0161ech v\u011bkov\u00fdch kategori\u00ed a spole\u010densk\u00fdch vrstev.<\/li>\n<\/ul>\n<ul>\n<li class=\"temp-li bullet1\" data-line=\"true\" data-list=\"bullet1\">B. V\u00fdznam kapes na od\u011bvu: Kapsy poskytuj\u00ed pohodl\u00ed, kter\u00e9 lze jen t\u011b\u017eko p\u0159ece\u0148ovat. Poskytuj\u00ed bezpe\u010dn\u00e9 a p\u0159\u00edstupn\u00e9 m\u00edsto pro ulo\u017een\u00ed osobn\u00edch v\u011bc\u00ed a pro\u010d d\u00e1msk\u00e9 oble\u010den\u00ed nem\u00e1 kapsy, co\u017e n\u00e1m umo\u017e\u0148uje voln\u00fd pohyb bez zat\u00ed\u017een\u00ed ta\u0161kou. Nap\u0159\u00edklad b\u011bhem n\u00e1ro\u010dn\u00e9ho dne v pr\u00e1ci si m\u016f\u017eete do kapsy str\u010dit pero a pozn\u00e1mkov\u00fd blok, tak\u017ee jste v\u017edy p\u0159ipraveni zapsat si d\u016fle\u017eitou pozn\u00e1mku. P\u0159i b\u011b\u017en\u00e9m v\u00fdletu m\u016f\u017ee kapsa na slune\u010dn\u00ed br\u00fdle nebo sva\u010dinu zv\u00fd\u0161it va\u0161e pohodl\u00ed a po\u017eitek. Kapsy jsou v podstat\u011b mal\u00fdm, ale mocn\u00fdm n\u00e1strojem modern\u00edho \u017eivota.<\/li>\n<\/ul>\n<ul>\n<li class=\"temp-li bullet1\" data-line=\"true\" data-list=\"bullet1\">C. Pro\u010d \u017eeny \u010dasto nemaj\u00ed dostatek m\u00edsta v kapse: D\u016fvody jsou slo\u017eit\u00e9 a vz\u00e1jemn\u011b se prol\u00ednaj\u00ed. Z historick\u00e9ho hlediska hr\u00e1ly v\u00fdznamnou roli m\u00f3dn\u00ed trendy a genderov\u00e9 role. Pro\u010d d\u00e1msk\u00e9 oble\u010den\u00ed nem\u00e1 kapsy bylo navr\u017eeno sp\u00ed\u0161e z estetick\u00e9ho hlediska s my\u0161lenkou, \u017ee prvo\u0159ad\u00e1 je elegantn\u00ed silueta. To vedlo k ob\u011btov\u00e1n\u00ed funk\u010dn\u00edch prvk\u016f, jako jsou kapsy. Nav\u00edc dlouho panoval n\u00e1zor, \u017ee \u017eeny \u010dast\u011bji nos\u00ed kabelky, tak\u017ee kapsy nebyly pova\u017eov\u00e1ny za nezbytn\u00e9. To v\u0161ak ignoruje p\u0159\u00edpady, kdy je kabelka nepohodln\u00e1 nebo kdy \u017eeny prost\u011b cht\u011bj\u00ed m\u00edt mo\u017enost j\u00edt bez n\u00ed.<\/li>\n<\/ul>\n<div data-zone-id=\"0\" data-line-index=\"6\" data-line=\"true\">\n<h2 class=\"heading-h2\"><span class=\"ez-toc-section\" id=\"II_Historical_context_Why_Womens_Clothing_Doesnt_Have_Pockets\"><\/span>II. Historick\u00e9 souvislosti Pro\u010d d\u00e1msk\u00e9 oble\u010den\u00ed nem\u00e1 kapsy<span class=\"ez-toc-section-end\"><\/span><\/h2>\n<\/div>\n<ul>\n<li class=\"temp-li bullet1\" data-line=\"true\" data-list=\"bullet1\">A. P\u016fvod kapes na od\u011bvu: V d\u0159\u00edv\u011bj\u0161\u00edch dob\u00e1ch nebyly kapsy integrov\u00e1ny do od\u011bv\u016f tak jako dnes. Mu\u017ei i \u017eeny m\u011bli samostatn\u00e9 kapsy. U \u017een byly \u010dasto uv\u00e1z\u00e1ny kolem pasu a ukryty pod vrstvami od\u011bvu. Byly praktick\u00e9 a daly se do nich ulo\u017eit r\u016fzn\u00e9 p\u0159edm\u011bty. S v\u00fdvojem m\u00f3dy se v\u0161ak tyto vn\u011bj\u0161\u00ed kapsy postupn\u011b vytratily. P\u00e1nsk\u00e9 od\u011bvy postupn\u011b obsahovaly kapsy jako standardn\u00ed prvek, zat\u00edmco d\u00e1msk\u00e1 m\u00f3da se vyv\u00edjela jin\u00fdm sm\u011brem.<\/li>\n<\/ul>\n<ul>\n<li class=\"temp-li bullet1\" data-line=\"true\" data-list=\"bullet1\">B. Rozd\u00edly mezi pohlav\u00edmi ve velikosti kapes: V pr\u016fb\u011bhu \u010dasu se objevily v\u00fdrazn\u00e9 rozd\u00edly ve velikosti a \u010detnosti kapes u mu\u017esk\u00fdch a \u017eensk\u00fdch od\u011bv\u016f. Mu\u017esk\u00e9 pracovn\u00ed a b\u011b\u017en\u00e9 oble\u010den\u00ed bylo navr\u017eeno s ohledem na funk\u010dnost a obsahovalo velk\u00e9 kapsy na n\u00e1\u0159ad\u00ed, pen\u011b\u017eenky a dal\u0161\u00ed nezbytnosti. Naproti tomu u d\u00e1msk\u00e9ho oble\u010den\u00ed do\u0161lo ke zmen\u0161en\u00ed velikosti kapes a n\u011bkdy k jejich \u00fapln\u00e9mu vynech\u00e1n\u00ed. Tento rozd\u00edl odr\u00e1\u017e\u00ed genderov\u00e1 o\u010dek\u00e1v\u00e1n\u00ed spole\u010dnosti, kdy mu\u017ei byli pova\u017eov\u00e1ni za aktivn\u011bj\u0161\u00ed a pot\u0159ebovali praktick\u00e9 \u00falo\u017en\u00e9 prostory, zat\u00edmco \u017eeny se zam\u011b\u0159ovaly na vzhled.<\/li>\n<\/ul>\n<ul>\n<li class=\"temp-li bullet1\" data-line=\"true\" data-list=\"bullet1\">C. V\u00fdvoj d\u00e1msk\u00e9 m\u00f3dy a kapes: S t\u00edm, jak se m\u011bnily trendy v d\u00e1msk\u00e9 m\u00f3d\u011b, od korzetov\u00fdch \u0161at\u016f k modern\u011bj\u0161\u00edm siluet\u00e1m, se kapsy neust\u00e1le zmen\u0161ovaly. D\u016fraz na p\u0159il\u00e9hav\u00fd nebo spl\u00fdvav\u00fd vzhled znamenal, \u017ee kapsy byly bu\u010f schov\u00e1ny na nen\u00e1padn\u00fdch m\u00edstech, nebo zcela vynech\u00e1ny. Tento v\u00fdvoj ukazuje, jak se v\u00fdb\u011br m\u00f3dy \u0159\u00eddil sp\u00ed\u0161e estetick\u00fdmi ide\u00e1ly ne\u017e praktick\u00fdmi pot\u0159ebami nositele.<\/li>\n<\/ul>\n<div data-zone-id=\"0\" data-line-index=\"10\" data-line=\"true\">\n<h2 class=\"heading-h2\"><span class=\"ez-toc-section\" id=\"III_Practical_implications_Why_Womens_Clothing_Doesnt_Have_Pockets\"><\/span>III. Praktick\u00e9 d\u016fsledky toho, pro\u010d d\u00e1msk\u00e9 oble\u010den\u00ed nem\u00e1 kapsy<span class=\"ez-toc-section-end\"><\/span><\/h2>\n<\/div>\n<ul>\n<li class=\"temp-li bullet1\" data-line=\"true\" data-list=\"bullet1\">A. Dopad na ka\u017edodenn\u00ed \u017eivot a pohodl\u00ed: Nedostatek kapes v d\u00e1msk\u00e9m oble\u010den\u00ed m\u00e1 hmatateln\u00fd dopad na ka\u017edodenn\u00ed \u017eivot. P\u0159edstavte si, \u017ee jdete na proch\u00e1zku a nem\u00e1te si kam d\u00e1t kl\u00ed\u010de od domu jinak ne\u017e do zpocen\u00e9 dlan\u011b nebo do mal\u00e9 kabelky, kter\u00e1 v\u00e1m neust\u00e1le vyklouz\u00e1v\u00e1 z rukou. Na koncert\u011b nebo akci jste nuceni bu\u010f nechat telefon v ta\u0161ce u nohou a riskovat, \u017ee v\u00e1m na n\u011bj n\u011bkdo \u0161l\u00e1pne, nebo ho po celou dobu dr\u017eet v ruce a p\u0159ipravit se tak o plnohodnotn\u00fd z\u00e1\u017eitek. Tyto drobn\u00e9 nep\u0159\u00edjemnosti se s\u010d\u00edtaj\u00ed a komplikuj\u00ed jednoduch\u00e9 \u010dinnosti v\u00edc, ne\u017e je nutn\u00e9.<\/li>\n<\/ul>\n<ul>\n<li class=\"temp-li bullet1\" data-line=\"true\" data-list=\"bullet1\">B. Pot\u0159eba funk\u010dn\u00edch kapes v d\u00e1msk\u00e9m oble\u010den\u00ed: \u017deny dnes vedou aktivn\u00ed \u017eivot, kombinuj\u00ed pr\u00e1ci, spole\u010densk\u00e9 aktivity a osobn\u00ed z\u00e1jmy. Funk\u010dn\u00ed kapsy jsou pro udr\u017een\u00ed kroku s t\u00edmto tempem nezbytn\u00e9. A\u0165 u\u017e jde o maminku, kter\u00e1 pot\u0159ebuje m\u00edt na cest\u00e1ch u sebe dudl\u00edk a ubrousky, nebo o profesion\u00e1ln\u00ed \u017eenu, kter\u00e1 pot\u0159ebuje m\u00edt po ruce vizitky, kapsy j\u00ed mohou tyto \u00fakoly usnadnit. Roste popt\u00e1vka po od\u011bvech, kter\u00e9 t\u011bmto re\u00e1ln\u00fdm pot\u0159eb\u00e1m vyhovuj\u00ed.<\/li>\n<\/ul>\n<ul>\n<li class=\"temp-li bullet1\" data-line=\"true\" data-list=\"bullet1\">C. Popt\u00e1vka spot\u0159ebitel\u016f po lep\u0161\u00edch kapesn\u00edch variant\u00e1ch: D\u00edky soci\u00e1ln\u00edm m\u00e9di\u00edm a hlasit\u011bj\u0161\u00edm spot\u0159ebitel\u016fm se \u017eeny oz\u00fdvaj\u00ed. Hashtagy jako #pocketsforwomen z\u00edskaly na popularit\u011b a nespo\u010det \u017een sd\u00edl\u00ed sv\u00e9 frustrace a touhy po lep\u0161\u00edch kaps\u00e1ch na oble\u010den\u00ed. Tato popt\u00e1vka spot\u0159ebitel\u016f je mocnou silou, kter\u00e1 za\u010d\u00edn\u00e1 tla\u010dit m\u00f3dn\u00ed pr\u016fmysl k tomu, aby si toho v\u0161iml a provedl zm\u011bny.<\/li>\n<\/ul>\n<div data-zone-id=\"0\" data-line-index=\"14\" data-line=\"true\">\n<h2 class=\"heading-h2\"><span class=\"ez-toc-section\" id=\"IV_Societal_factors_Why_Womens_Clothing_Doesnt_Have_Pockets\"><\/span>IV. Spole\u010densk\u00e9 faktory Pro\u010d d\u00e1msk\u00e9 oble\u010den\u00ed nem\u00e1 kapsy<span class=\"ez-toc-section-end\"><\/span><\/h2>\n<\/div>\n<ul>\n<li class=\"temp-li bullet1\" data-line=\"true\" data-list=\"bullet1\">A. Genderov\u00e9 normy a o\u010dek\u00e1v\u00e1n\u00ed: Spole\u010dnost ji\u017e dlouho dodr\u017euje ur\u010dit\u00e9 genderov\u00e9 normy, kter\u00e9 ovliv\u0148uj\u00ed design oble\u010den\u00ed. P\u0159edstava, \u017ee \u017eeny by m\u011bly b\u00fdt jemn\u00e9 a jejich od\u011bvy ozdobn\u00e9, vedla k tomu, \u017ee se p\u0159estaly pou\u017e\u00edvat kapsy. Mu\u017ei, kte\u0159\u00ed byli pova\u017eov\u00e1ni za prakti\u010dt\u011bj\u0161\u00ed a utilit\u00e1rn\u011bj\u0161\u00ed, dost\u00e1vali od\u011bvy s velk\u00fdm \u00falo\u017en\u00fdm prostorem. Tato genderov\u00e1 o\u010dek\u00e1v\u00e1n\u00ed jsou pomalu zpochyb\u0148ov\u00e1na, Pro\u010d d\u00e1msk\u00e9 oble\u010den\u00ed nem\u00e1 kapsy, ale jejich d\u011bdictv\u00ed st\u00e1le p\u0159etrv\u00e1v\u00e1 v absenci kapes v d\u00e1msk\u00e9m oble\u010den\u00ed.<\/li>\n<\/ul>\n<ul>\n<li class=\"temp-li bullet1\" data-line=\"true\" data-list=\"bullet1\">B. Vliv m\u00f3dn\u00edho pr\u016fmyslu na kapesn\u00ed design: M\u00f3dn\u00ed pr\u016fmysl hraje v\u00fdznamnou roli v p\u0159etrv\u00e1v\u00e1n\u00ed probl\u00e9mu kapes. Na p\u0159ehl\u00eddkov\u00fdch molech vysok\u00e9 m\u00f3dy se \u010dasto objevuj\u00ed modely bez kapes, kter\u00e9 ur\u010duj\u00ed trendy, je\u017e se p\u0159en\u00e1\u0161ej\u00ed do b\u011b\u017en\u00e9ho oble\u010den\u00ed. N\u00e1vrh\u00e1\u0159i se zam\u011b\u0159uj\u00ed na vizu\u00e1ln\u00ed dojem a kapsy jsou n\u011bkdy pova\u017eov\u00e1ny za ru\u0161iv\u00fd element celkov\u00e9 estetiky. Tento d\u016fraz na vzhled p\u0159ed funk\u010dnost\u00ed br\u00e1n\u00ed tomu, aby se kapsy staly standardn\u00edm prvkem d\u00e1msk\u00e9ho oble\u010den\u00ed.<\/li>\n<\/ul>\n<ul>\n<li class=\"temp-li bullet1\" data-line=\"true\" data-list=\"bullet1\">C. Prosazovat v\u00edce inkluzivn\u00edch a praktick\u00fdch mo\u017enost\u00ed oble\u010den\u00ed: Pro\u010d d\u00e1msk\u00e9 oble\u010den\u00ed nem\u00e1 kapsy nem\u00e1 kapsy je v\u0161ak rostouc\u00ed hnut\u00ed za inkluzivn\u011bj\u0161\u00ed m\u00f3du. Aktivistick\u00e9 skupiny i spot\u0159ebitel\u00e9 po\u017eaduj\u00ed oble\u010den\u00ed, kter\u00e9 vyhovuje v\u0161em typ\u016fm postavy a \u017eivotn\u00edm styl\u016fm. To zahrnuje i pot\u0159ebu dob\u0159e navr\u017een\u00fdch kapes v d\u00e1msk\u00e9m oble\u010den\u00ed. Zna\u010dky za\u010d\u00ednaj\u00ed poci\u0165ovat tlak a postupn\u011b p\u0159ehodnocuj\u00ed sv\u00e9 n\u00e1vrhy, aby byly prakti\u010dt\u011bj\u0161\u00ed a inkluzivn\u011bj\u0161\u00ed.<\/li>\n<\/ul>","protected":false},"excerpt":{"rendered":"<p>\u00a0 I. \u00davod Pro\u010d d\u00e1msk\u00e9 oble\u010den\u00ed nem\u00e1 kapsy A. Stru\u010dn\u00fd p\u0159ehled problematiky: Pro\u010d d\u00e1msk\u00e9 oble\u010den\u00ed nem\u00e1 kapsy, a v\u0161imnete si zvl\u00e1\u0161tn\u00edho vzoru. Zd\u00e1 se, \u017ee \u0161aty, sukn\u011b, a dokonce i mnoho p\u00e1r\u016f kalhot je na kapsy skoup\u00fdch. Jako kdyby kapsy byly na okraji z\u00e1jmu, pokud se o nich v\u016fbec uva\u017euje, a [...]","protected":false},"author":3,"featured_media":2141,"comment_status":"open","ping_status":"open","sticky":false,"template":"","format":"standard","meta":{"footnotes":""},"categories":[1],"tags":[],"class_list":["post-2140","post","type-post","status-publish","format-standard","has-post-thumbnail","hentry","category-uncategorized"],"_links":{"self":[{"href":"https:\/\/mj-clothing.com\/cs\/wp-json\/wp\/v2\/posts\/2140","targetHints":{"allow":["GET"]}}],"collection":[{"href":"https:\/\/mj-clothing.com\/cs\/wp-json\/wp\/v2\/posts"}],"about":[{"href":"https:\/\/mj-clothing.com\/cs\/wp-json\/wp\/v2\/types\/post"}],"author":[{"embeddable":true,"href":"https:\/\/mj-clothing.com\/cs\/wp-json\/wp\/v2\/users\/3"}],"replies":[{"embeddable":true,"href":"https:\/\/mj-clothing.com\/cs\/wp-json\/wp\/v2\/comments?post=2140"}],"version-history":[{"count":3,"href":"https:\/\/mj-clothing.com\/cs\/wp-json\/wp\/v2\/posts\/2140\/revisions"}],"predecessor-version":[{"id":2144,"href":"https:\/\/mj-clothing.com\/cs\/wp-json\/wp\/v2\/posts\/2140\/revisions\/2144"}],"wp:featuredmedia":[{"embeddable":true,"href":"https:\/\/mj-clothing.com\/cs\/wp-json\/wp\/v2\/media\/2141"}],"wp:attachment":[{"href":"https:\/\/mj-clothing.com\/cs\/wp-json\/wp\/v2\/media?parent=2140"}],"wp:term":[{"taxonomy":"category","embeddable":true,"href":"https:\/\/mj-clothing.com\/cs\/wp-json\/wp\/v2\/categories?post=2140"},{"taxonomy":"post_tag","embeddable":true,"href":"https:\/\/mj-clothing.com\/cs\/wp-json\/wp\/v2\/tags?post=2140"}],"curies":[{"name":"wp","href":"https:\/\/api.w.org\/{rel}","templated":true}]}}