{"id":2108,"date":"2025-01-07T06:44:51","date_gmt":"2025-01-07T06:44:51","guid":{"rendered":"https:\/\/mj-clothing.com\/?p=2108"},"modified":"2025-01-07T06:49:48","modified_gmt":"2025-01-07T06:49:48","slug":"can-men-wear-womens-clothes-in-public","status":"publish","type":"post","link":"https:\/\/mj-clothing.com\/de\/can-men-wear-womens-clothes-in-public\/","title":{"rendered":"K\u00f6nnen M\u00e4nner in der \u00d6ffentlichkeit Frauenkleider tragen?"},"content":{"rendered":"<div class=\"row\"  id=\"row-1029296576\">\n\n\t<div id=\"col-727751067\" class=\"col medium-6 small-12 large-6\"  >\n\t\t\t\t<div class=\"col-inner\"  >\n\t\t\t\n\t\t\t\n<div id=\"ez-toc-container\" class=\"ez-toc-v2_0_82_2 counter-hierarchy ez-toc-counter ez-toc-grey ez-toc-container-direction\">\n<div class=\"ez-toc-title-container\">\n<p class=\"ez-toc-title\" style=\"cursor:inherit\">Inhalts\u00fcbersicht<\/p>\n<span class=\"ez-toc-title-toggle\"><a href=\"#\" class=\"ez-toc-pull-right ez-toc-btn ez-toc-btn-xs ez-toc-btn-default ez-toc-toggle\" aria-label=\"Inhaltsverzeichnis umschalten\"><span class=\"ez-toc-js-icon-con\"><span class=\"\"><span class=\"eztoc-hide\" style=\"display:none;\">Umschalten auf<\/span><span class=\"ez-toc-icon-toggle-span\"><svg style=\"fill: #999;color:#999\" xmlns=\"http:\/\/www.w3.org\/2000\/svg\" class=\"list-377408\" width=\"20px\" height=\"20px\" viewbox=\"0 0 24 24\" fill=\"none\"><path d=\"M6 6H4v2h2V6zm14 0H8v2h12V6zM4 11h2v2H4v-2zm16 0H8v2h12v-2zM4 16h2v2H4v-2zm16 0H8v2h12v-2z\" fill=\"currentColor\"><\/path><\/svg><svg style=\"fill: #999;color:#999\" class=\"arrow-unsorted-368013\" xmlns=\"http:\/\/www.w3.org\/2000\/svg\" width=\"10px\" height=\"10px\" viewbox=\"0 0 24 24\" version=\"1.2\" baseprofile=\"tiny\"><path d=\"M18.2 9.3l-6.2-6.3-6.2 6.3c-.2.2-.3.4-.3.7s.1.5.3.7c.2.2.4.3.7.3h11c.3 0 .5-.1.7-.3.2-.2.3-.5.3-.7s-.1-.5-.3-.7zM5.8 14.7l6.2 6.3 6.2-6.3c.2-.2.3-.5.3-.7s-.1-.5-.3-.7c-.2-.2-.4-.3-.7-.3h-11c-.3 0-.5.1-.7.3-.2.2-.3.5-.3.7s.1.5.3.7z\"\/><\/svg><\/span><\/span><\/span><\/a><\/span><\/div>\n<nav><ul class='ez-toc-list ez-toc-list-level-1' ><li class='ez-toc-page-1 ez-toc-heading-level-2'><a class=\"ez-toc-link ez-toc-heading-1\" href=\"https:\/\/mj-clothing.com\/de\/can-men-wear-womens-clothes-in-public\/#Can_Men_Wear_Womens_Clothes_in_Public\" >D\u00fcrfen M\u00e4nner in der \u00d6ffentlichkeit Frauenkleider tragen?<\/a><\/li><li class='ez-toc-page-1 ez-toc-heading-level-2'><a class=\"ez-toc-link ez-toc-heading-2\" href=\"https:\/\/mj-clothing.com\/de\/can-men-wear-womens-clothes-in-public\/#Historical_Perspective\" >Historische Perspektive<\/a><\/li><li class='ez-toc-page-1 ez-toc-heading-level-2'><a class=\"ez-toc-link ez-toc-heading-3\" href=\"https:\/\/mj-clothing.com\/de\/can-men-wear-womens-clothes-in-public\/#Breaking_Down_Gender_Stereotypes\" >Abbau von Geschlechterstereotypen<\/a><\/li><li class='ez-toc-page-1 ez-toc-heading-level-2'><a class=\"ez-toc-link ez-toc-heading-4\" href=\"https:\/\/mj-clothing.com\/de\/can-men-wear-womens-clothes-in-public\/#Celebrities_and_Influencers_Leading_the_Way\" >Prominente und einflussreiche Pers\u00f6nlichkeiten als Wegbereiter<\/a><\/li><li class='ez-toc-page-1 ez-toc-heading-level-2'><a class=\"ez-toc-link ez-toc-heading-5\" href=\"https:\/\/mj-clothing.com\/de\/can-men-wear-womens-clothes-in-public\/#Personal_Freedom_and_Self-Expression\" >Pers\u00f6nliche Freiheit und Selbstverwirklichung<\/a><\/li><li class='ez-toc-page-1 ez-toc-heading-level-2'><a class=\"ez-toc-link ez-toc-heading-6\" href=\"https:\/\/mj-clothing.com\/de\/can-men-wear-womens-clothes-in-public\/#Conclusion\" >Schlussfolgerung<\/a><\/li><\/ul><\/nav><\/div>\n<h2 data-sourcepos=\"1:1-1:42\"><span class=\"ez-toc-section\" id=\"Can_Men_Wear_Womens_Clothes_in_Public\"><\/span>K\u00f6nnen M\u00e4nner tragen <a href=\"https:\/\/mj-clothing.com\/de\/Wholesale\/womens-clothing\/\">Frauenkleider<\/a> in der \u00d6ffentlichkeit?<span class=\"ez-toc-section-end\"><\/span><\/h2>\n<p data-sourcepos=\"3:1-3:499\">Die Frage, ob M\u00e4nner in der \u00d6ffentlichkeit Frauenkleider tragen d\u00fcrfen, ist seit langem Gegenstand von Debatten, die oft mit tief verwurzelten sozialen Normen und Geschlechterstereotypen zusammenh\u00e4ngen. W\u00e4hrend die traditionellen Geschlechterrollen in der Vergangenheit die Wahl der Kleidung bestimmt haben, stellt eine wachsende Bewegung diese Normen in Frage und setzt sich f\u00fcr eine gr\u00f6\u00dfere Freiheit der Selbstdarstellung ein. In diesem Artikel werden der historische Kontext, die gesellschaftlichen Auswirkungen und die sich entwickelnden Perspektiven in Bezug auf M\u00e4nner, die in der \u00d6ffentlichkeit Frauenkleidung tragen, untersucht.<\/p>\n\t\t<\/div>\n\t\t\t\t\t<\/div>\n\n\t\n\n\t<div id=\"col-108078464\" class=\"col medium-6 small-12 large-6\"  >\n\t\t\t\t<div class=\"col-inner\"  >\n\t\t\t\n\t\t\t\n\t<div class=\"img has-hover x md-x lg-x y md-y lg-y\" id=\"image_1761403187\">\n\t\t<a class=\"\" href=\"https:\/\/mj-clothing.com\/de\/Wholesale\/womens-clothing\/\" >\t\t\t\t\t\t<div class=\"img-inner dark\" >\n\t\t\t<img loading=\"lazy\" decoding=\"async\" width=\"535\" height=\"760\" src=\"https:\/\/mj-clothing.com\/wp-content\/uploads\/2025\/01\/b84e6977d715fdddfef123532173bced.jpg\" class=\"attachment-large size-large\" alt=\"K\u00f6nnen M\u00e4nner in der \u00d6ffentlichkeit Frauenkleider tragen?\" srcset=\"https:\/\/mj-clothing.com\/wp-content\/uploads\/2025\/01\/b84e6977d715fdddfef123532173bced.jpg 535w, https:\/\/mj-clothing.com\/wp-content\/uploads\/2025\/01\/b84e6977d715fdddfef123532173bced-211x300.jpg 211w, https:\/\/mj-clothing.com\/wp-content\/uploads\/2025\/01\/b84e6977d715fdddfef123532173bced-8x12.jpg 8w\" sizes=\"auto, (max-width: 535px) 100vw, 535px\" \/>\t\t\t\t\t\t\n\t\t\t\t\t<\/div>\n\t\t\t\t\t\t<\/a>\t\t\n<style>\n#image_1761403187 {\n  width: 100%;\n}\n<\/style>\n\t<\/div>\n\t\n\t\t<\/div>\n\t\t\t\t\t<\/div>\n\n\t\n<\/div>\n<p data-sourcepos=\"3:1-3:499\">\u00a0<\/p>\n<h2 data-sourcepos=\"5:1-5:25\"><span class=\"ez-toc-section\" id=\"Historical_Perspective\"><\/span>Historische Perspektive<span class=\"ez-toc-section-end\"><\/span><\/h2>\n<p data-sourcepos=\"7:1-7:591\">Im Laufe der Geschichte diente Kleidung als m\u00e4chtiges Mittel, um Identit\u00e4t, sozialen Status und kulturelle Zugeh\u00f6rigkeit zum Ausdruck zu bringen. K\u00f6nnen M\u00e4nner in der \u00d6ffentlichkeit Frauenkleider tragen? Die Geschlechternormen haben jedoch oft starr vorgegeben, was als angemessene Kleidung f\u00fcr M\u00e4nner und Frauen gilt. W\u00e4hrend westliche Gesellschaften weitgehend an bin\u00e4ren Geschlechterrollen festhalten, haben viele Kulturen im Laufe der Geschichte flexiblere Ans\u00e4tze f\u00fcr den Ausdruck der Geschlechter gezeigt. So trugen M\u00e4nner in einigen indigenen Kulturen traditionell Kleidung und Accessoires, die in westlichen Kontexten als \"weiblich\" gelten w\u00fcrden, z. B. R\u00f6cke, Schmuck und aufwendiges Make-up.<\/p>\n<p data-sourcepos=\"9:1-9:391\">Die Mode selbst hat sich im Laufe der Geschichte stark gewandelt, wobei es immer wieder Phasen gab, in denen die Wahl der Kleidung zwischen den Geschlechtern variierte. Im 18. und 19. Jahrhundert griff die M\u00e4nnermode Elemente auf, die oft mit Weiblichkeit assoziiert wurden, wie Spitze, R\u00fcschen und hohe Abs\u00e4tze. Diese Perioden verdeutlichen, wie flie\u00dfend die Mode ist und wie sich die gesellschaftlichen Erwartungen an den Ausdruck der Geschlechter ver\u00e4ndern.<\/p>\n<h2 data-sourcepos=\"11:1-11:35\"><span class=\"ez-toc-section\" id=\"Breaking_Down_Gender_Stereotypes\"><\/span>Abbau von Geschlechterstereotypen<span class=\"ez-toc-section-end\"><\/span><\/h2>\n<p data-sourcepos=\"13:1-13:284\">Die Vorstellung, dass Kleidung von Natur aus ein Geschlecht hat, ist ein tief verwurzeltes gesellschaftliches Konstrukt. Diese starre Kategorisierung schr\u00e4nkt den individuellen Ausdruck ein und h\u00e4lt sch\u00e4dliche Stereotypen aufrecht. D\u00fcrfen M\u00e4nner in der \u00d6ffentlichkeit Frauenkleidung tragen Die Auseinandersetzung mit diesen Stereotypen ist entscheidend f\u00fcr die F\u00f6rderung einer integrativeren und akzeptierenden Gesellschaft.<\/p>\n<p data-sourcepos=\"15:1-15:427\">Kleidung ist im Grunde eine Form der Selbstdarstellung. Sie erm\u00f6glicht es dem Einzelnen, der Welt seine Pers\u00f6nlichkeit, seinen Stil und seine Stimmung mitzuteilen. Die Vorstellung, dass bestimmte Kleidungsst\u00fccke ausschlie\u00dflich f\u00fcr ein Geschlecht bestimmt sind, ist eine willk\u00fcrliche und einschr\u00e4nkende Vorgabe. Indem wir uns die Idee zu eigen machen, dass Kleidung kein inh\u00e4rentes Geschlecht hat, k\u00f6nnen wir den Menschen die M\u00f6glichkeit geben, sich so zu kleiden, dass sie ihre Identit\u00e4t authentisch widerspiegeln, unabh\u00e4ngig von gesellschaftlichen Erwartungen.<\/p>\n<h2 data-sourcepos=\"17:1-17:46\"><span class=\"ez-toc-section\" id=\"Celebrities_and_Influencers_Leading_the_Way\"><\/span>Prominente und einflussreiche Pers\u00f6nlichkeiten als Wegbereiter<span class=\"ez-toc-section-end\"><\/span><\/h2>\n<p data-sourcepos=\"19:1-19:335\">In den letzten Jahren haben sich immer mehr m\u00e4nnliche Prominente und Influencer der geschlechtsneutralen Mode verschrieben, indem sie Barrieren abbauen und traditionelle Normen in Frage stellen. Von Musikern und Schauspielern bis hin zu Models und Social-Media-Pers\u00f6nlichkeiten - diese Personen nutzen ihre Plattformen, um die Sch\u00f6nheit und Vielfalt des Geschlechtsausdrucks zu zeigen.<\/p>\n<p data-sourcepos=\"21:1-21:283\">Die Auswirkungen von Prominenten, die in der \u00d6ffentlichkeit Frauenkleidung tragen, d\u00fcrfen nicht untersch\u00e4tzt werden. D\u00fcrfen M\u00e4nner Frauenkleider in der \u00d6ffentlichkeit tragen? Indem sie diese Entscheidungen in den Medien normalisieren, tragen sie dazu bei, die gesellschaftliche Wahrnehmung zu ver\u00e4ndern und einen inklusiveren Raum f\u00fcr alle Menschen zu schaffen, die sich durch Mode ausdr\u00fccken wollen.<\/p>\n<h2 data-sourcepos=\"23:1-23:39\"><span class=\"ez-toc-section\" id=\"Personal_Freedom_and_Self-Expression\"><\/span>Pers\u00f6nliche Freiheit und Selbstverwirklichung<span class=\"ez-toc-section-end\"><\/span><\/h2>\n<p data-sourcepos=\"25:1-25:218\">Letztlich sollte die Entscheidung, was man tr\u00e4gt, eine Frage der pers\u00f6nlichen Freiheit und des Selbstausdrucks sein. Jeder Mensch sollte das Recht haben, sich so zu kleiden, wie er sich wohl, selbstbewusst und authentisch f\u00fchlt.<\/p>\n<p data-sourcepos=\"27:1-27:220\">F\u00fcr manche M\u00e4nner kann das Tragen von Frauenkleidern in der \u00d6ffentlichkeit eine starke Form der Selbstentdeckung und Selbstakzeptanz sein. Es kann eine M\u00f6glichkeit sein, ihre Individualit\u00e4t zu zeigen, gesellschaftliche Erwartungen in Frage zu stellen und ihren eigenen Sinn f\u00fcr Stil wiederzufinden.<\/p>\n<h2 data-sourcepos=\"29:1-29:13\"><span class=\"ez-toc-section\" id=\"Conclusion\"><\/span>Schlussfolgerung<span class=\"ez-toc-section-end\"><\/span><\/h2>\n<p data-sourcepos=\"31:1-31:552\">Die Debatte \u00fcber M\u00e4nner, die in der \u00d6ffentlichkeit Frauenkleider tragen, spiegelt den anhaltenden Kampf um die Gleichstellung der Geschlechter und den individuellen Ausdruck wider. Gesellschaftliche Normen und tief verwurzelte Stereotypen stellen nach wie vor eine Herausforderung dar, aber eine wachsende Bewegung setzt sich f\u00fcr mehr Akzeptanz und Verst\u00e4ndnis ein. Indem wir die Vielseitigkeit des Geschlechtsausdrucks anerkennen und die Vorstellung in Frage stellen, dass Kleidung ein inh\u00e4rentes Geschlecht hat, k\u00f6nnen wir eine integrativere und akzeptierende Gesellschaft schaffen, in der jeder Einzelne die Freiheit hat, sich authentisch auszudr\u00fccken, unabh\u00e4ngig von gesellschaftlichen Erwartungen.<\/p>\n<p data-sourcepos=\"33:1-33:265\">D\u00fcrfen M\u00e4nner in der \u00d6ffentlichkeit Frauenkleidung tragen? Die Zukunft der Mode liegt in der Vielfalt und in der W\u00fcrdigung der Individualit\u00e4t. Da sich die gesellschaftliche Einstellung weiter entwickelt, k\u00f6nnen wir erwarten, dass sich die Geschlechter noch flie\u00dfender ausdr\u00fccken und M\u00e4nner wie Frauen die Grenzen der traditionellen Modenormen \u00fcberschreiten.<\/p>","protected":false},"excerpt":{"rendered":"<p>\u00a0 Historische Perspektive Im Laufe der Geschichte diente Kleidung als m\u00e4chtiges Mittel, um Identit\u00e4t, sozialen Status und kulturelle Zugeh\u00f6rigkeit zum Ausdruck zu bringen. K\u00f6nnen M\u00e4nner in der \u00d6ffentlichkeit Frauenkleider tragen? Die Geschlechternormen haben jedoch oft starr vorgegeben, was als angemessene Kleidung f\u00fcr M\u00e4nner und Frauen gilt. W\u00e4hrend sich die westlichen Gesellschaften weitgehend an bin\u00e4re Geschlechterrollen gehalten haben, sind viele Kulturen [...]","protected":false},"author":3,"featured_media":2109,"comment_status":"open","ping_status":"open","sticky":false,"template":"","format":"standard","meta":{"footnotes":""},"categories":[1],"tags":[],"class_list":["post-2108","post","type-post","status-publish","format-standard","has-post-thumbnail","hentry","category-uncategorized"],"_links":{"self":[{"href":"https:\/\/mj-clothing.com\/de\/wp-json\/wp\/v2\/posts\/2108","targetHints":{"allow":["GET"]}}],"collection":[{"href":"https:\/\/mj-clothing.com\/de\/wp-json\/wp\/v2\/posts"}],"about":[{"href":"https:\/\/mj-clothing.com\/de\/wp-json\/wp\/v2\/types\/post"}],"author":[{"embeddable":true,"href":"https:\/\/mj-clothing.com\/de\/wp-json\/wp\/v2\/users\/3"}],"replies":[{"embeddable":true,"href":"https:\/\/mj-clothing.com\/de\/wp-json\/wp\/v2\/comments?post=2108"}],"version-history":[{"count":2,"href":"https:\/\/mj-clothing.com\/de\/wp-json\/wp\/v2\/posts\/2108\/revisions"}],"predecessor-version":[{"id":2111,"href":"https:\/\/mj-clothing.com\/de\/wp-json\/wp\/v2\/posts\/2108\/revisions\/2111"}],"wp:featuredmedia":[{"embeddable":true,"href":"https:\/\/mj-clothing.com\/de\/wp-json\/wp\/v2\/media\/2109"}],"wp:attachment":[{"href":"https:\/\/mj-clothing.com\/de\/wp-json\/wp\/v2\/media?parent=2108"}],"wp:term":[{"taxonomy":"category","embeddable":true,"href":"https:\/\/mj-clothing.com\/de\/wp-json\/wp\/v2\/categories?post=2108"},{"taxonomy":"post_tag","embeddable":true,"href":"https:\/\/mj-clothing.com\/de\/wp-json\/wp\/v2\/tags?post=2108"}],"curies":[{"name":"wp","href":"https:\/\/api.w.org\/{rel}","templated":true}]}}