{"id":2176,"date":"2025-01-08T08:18:12","date_gmt":"2025-01-08T08:18:12","guid":{"rendered":"https:\/\/mj-clothing.com\/?p=2176"},"modified":"2025-01-08T08:19:20","modified_gmt":"2025-01-08T08:19:20","slug":"how-to-measure-for-a-mens-jacket","status":"publish","type":"post","link":"https:\/\/mj-clothing.com\/hu\/how-to-measure-for-a-mens-jacket\/","title":{"rendered":"Hogyan kell m\u00e9rni egy f\u00e9rfi kab\u00e1tot"},"content":{"rendered":"<div class=\"row\"  id=\"row-1501598168\">\n\n\t<div id=\"col-1656320132\" class=\"col medium-6 small-12 large-6\"  >\n\t\t\t\t<div class=\"col-inner\"  >\n\t\t\t\n\t\t\t\n<div id=\"ez-toc-container\" class=\"ez-toc-v2_0_82_2 counter-hierarchy ez-toc-counter ez-toc-grey ez-toc-container-direction\">\n<div class=\"ez-toc-title-container\">\n<p class=\"ez-toc-title\" style=\"cursor:inherit\">Tartalomjegyz\u00e9k<\/p>\n<span class=\"ez-toc-title-toggle\"><a href=\"#\" class=\"ez-toc-pull-right ez-toc-btn ez-toc-btn-xs ez-toc-btn-default ez-toc-toggle\" aria-label=\"Toggle Tartalomjegyz\u00e9k\"><span class=\"ez-toc-js-icon-con\"><span class=\"\"><span class=\"eztoc-hide\" style=\"display:none;\">Toggle<\/span><span class=\"ez-toc-icon-toggle-span\"><svg style=\"fill: #999;color:#999\" xmlns=\"http:\/\/www.w3.org\/2000\/svg\" class=\"list-377408\" width=\"20px\" height=\"20px\" viewbox=\"0 0 24 24\" fill=\"none\"><path d=\"M6 6H4v2h2V6zm14 0H8v2h12V6zM4 11h2v2H4v-2zm16 0H8v2h12v-2zM4 16h2v2H4v-2zm16 0H8v2h12v-2z\" fill=\"currentColor\"><\/path><\/svg><svg style=\"fill: #999;color:#999\" class=\"arrow-unsorted-368013\" xmlns=\"http:\/\/www.w3.org\/2000\/svg\" width=\"10px\" height=\"10px\" viewbox=\"0 0 24 24\" version=\"1.2\" baseprofile=\"tiny\"><path d=\"M18.2 9.3l-6.2-6.3-6.2 6.3c-.2.2-.3.4-.3.7s.1.5.3.7c.2.2.4.3.7.3h11c.3 0 .5-.1.7-.3.2-.2.3-.5.3-.7s-.1-.5-.3-.7zM5.8 14.7l6.2 6.3 6.2-6.3c.2-.2.3-.5.3-.7s-.1-.5-.3-.7c-.2-.2-.4-.3-.7-.3h-11c-.3 0-.5.1-.7.3-.2.2-.3.5-.3.7s.1.5.3.7z\"\/><\/svg><\/span><\/span><\/span><\/a><\/span><\/div>\n<nav><ul class='ez-toc-list ez-toc-list-level-1' ><ul class='ez-toc-list-level-2' ><li class='ez-toc-heading-level-2'><a class=\"ez-toc-link ez-toc-heading-1\" href=\"https:\/\/mj-clothing.com\/hu\/how-to-measure-for-a-mens-jacket\/#How_To_Measure_For_a_Mens_Jacket\" >Hogyan kell m\u00e9rni egy f\u00e9rfi kab\u00e1tot<\/a><\/li><li class='ez-toc-page-1 ez-toc-heading-level-2'><a class=\"ez-toc-link ez-toc-heading-2\" href=\"https:\/\/mj-clothing.com\/hu\/how-to-measure-for-a-mens-jacket\/#A_Importance_of_How_To_Measure_For_a_Mens_Jacket\" >A. A f\u00e9rfi kab\u00e1t m\u00e9r\u00e9s\u00e9nek fontoss\u00e1ga<\/a><\/li><li class='ez-toc-page-1 ez-toc-heading-level-2'><a class=\"ez-toc-link ez-toc-heading-3\" href=\"https:\/\/mj-clothing.com\/hu\/how-to-measure-for-a-mens-jacket\/#B_Overview_of_the_measuring_process\" >B. A m\u00e9r\u00e9si folyamat \u00e1ttekint\u00e9se<\/a><\/li><li class='ez-toc-page-1 ez-toc-heading-level-2'><a class=\"ez-toc-link ez-toc-heading-4\" href=\"https:\/\/mj-clothing.com\/hu\/how-to-measure-for-a-mens-jacket\/#C_Brief_explanation_of_key_terms\" >C. A kulcsfogalmak r\u00f6vid magyar\u00e1zata<\/a><\/li><\/ul><\/li><li class='ez-toc-page-1 ez-toc-heading-level-1'><a class=\"ez-toc-link ez-toc-heading-5\" href=\"https:\/\/mj-clothing.com\/hu\/how-to-measure-for-a-mens-jacket\/#II_Understanding_Jacket_Sizing\" >II. A kab\u00e1t m\u00e9retez\u00e9s\u00e9nek meg\u00e9rt\u00e9se<\/a><ul class='ez-toc-list-level-2' ><li class='ez-toc-heading-level-2'><a class=\"ez-toc-link ez-toc-heading-6\" href=\"https:\/\/mj-clothing.com\/hu\/how-to-measure-for-a-mens-jacket\/#A_Explaining_the_concept_of_chest_size\" >A. A mellkasm\u00e9ret fogalm\u00e1nak magyar\u00e1zata<\/a><\/li><li class='ez-toc-page-1 ez-toc-heading-level-2'><a class=\"ez-toc-link ez-toc-heading-7\" href=\"https:\/\/mj-clothing.com\/hu\/how-to-measure-for-a-mens-jacket\/#B_Highlighting_the_importance_of_accurate_measurements\" >B. A pontos m\u00e9r\u00e9sek fontoss\u00e1g\u00e1nak kiemel\u00e9se<\/a><\/li><li class='ez-toc-page-1 ez-toc-heading-level-2'><a class=\"ez-toc-link ez-toc-heading-8\" href=\"https:\/\/mj-clothing.com\/hu\/how-to-measure-for-a-mens-jacket\/#C_Differentiating_between_standard_and_tailored_sizing\" >C. A standard \u00e9s a testre szabott m\u00e9retez\u00e9s megk\u00fcl\u00f6nb\u00f6ztet\u00e9se<\/a><\/li><\/ul><\/li><\/ul><\/nav><\/div>\n<h2 data-zone-id=\"0\" data-line-index=\"0\" data-line=\"true\"><span class=\"ez-toc-section\" id=\"How_To_Measure_For_a_Mens_Jacket\"><\/span>Hogyan kell m\u00e9rni egy<a href=\"https:\/\/mj-clothing.com\/hu\/Wholesale\/mens-clothing\/\"> F\u00e9rfi kab\u00e1t<\/a><span class=\"ez-toc-section-end\"><\/span><\/h2>\n<div data-zone-id=\"0\" data-line-index=\"0\" data-line=\"true\">A Hogyan m\u00e9rj\u00fck meg a f\u00e9rfi kab\u00e1tot, a j\u00f3l illeszked\u0151 kab\u00e1t nem csak egy ruhadarab; ez egy olyan darab, amely jav\u00edthatja az \u00e1ltal\u00e1nos megjelen\u00e9s\u00e9t \u00e9s n\u00f6velheti az \u00f6nbizalm\u00e1t. Ak\u00e1r egy hivatalos esem\u00e9nyre, ak\u00e1r egy \u00fczleti megbesz\u00e9l\u00e9sre \u00f6lt\u00f6zik, vagy egyszer\u0171en csak egy alkalmi kir\u00e1ndul\u00e1son szeretne \u00e9lesen kin\u00e9zni, a megfelel\u0151 kab\u00e1t mindent megv\u00e1ltoztathat. A t\u00f6k\u00e9letes illeszked\u00e9s el\u00e9r\u00e9se azonban a pontos m\u00e9r\u00e9sekkel kezd\u0151dik. Ebben a t\u00f6k\u00e9letes \u00fatmutat\u00f3ban v\u00e9gigvezet\u00fcnk a f\u00e9rfi zak\u00f3 m\u00e9r\u00e9s\u00e9nek alapvet\u0151 l\u00e9p\u00e9sein, \u00edgy biztos\u00edtva, hogy minden alkalommal st\u00edlusos \u00e9s k\u00e9nyelmes v\u00e1laszt\u00e1st hozzon.<\/div>\n\t\t<\/div>\n\t\t\t\t\t<\/div>\n\n\t\n\n\t<div id=\"col-543640157\" class=\"col medium-6 small-12 large-6\"  >\n\t\t\t\t<div class=\"col-inner\"  >\n\t\t\t\n\t\t\t\n\t<div class=\"img has-hover x md-x lg-x y md-y lg-y\" id=\"image_1315359427\">\n\t\t<a class=\"\" href=\"https:\/\/mj-clothing.com\/hu\/Wholesale\/mens-clothing\/\" >\t\t\t\t\t\t<div class=\"img-inner dark\" >\n\t\t\t<img loading=\"lazy\" decoding=\"async\" width=\"500\" height=\"499\" src=\"https:\/\/mj-clothing.com\/wp-content\/uploads\/2025\/01\/511T3kUDO-L._AC_.jpg\" class=\"attachment-large size-large\" alt=\"Hogyan kell m\u00e9rni egy f\u00e9rfi kab\u00e1tot\" srcset=\"https:\/\/mj-clothing.com\/wp-content\/uploads\/2025\/01\/511T3kUDO-L._AC_.jpg 500w, https:\/\/mj-clothing.com\/wp-content\/uploads\/2025\/01\/511T3kUDO-L._AC_-300x300.jpg 300w, https:\/\/mj-clothing.com\/wp-content\/uploads\/2025\/01\/511T3kUDO-L._AC_-150x150.jpg 150w, https:\/\/mj-clothing.com\/wp-content\/uploads\/2025\/01\/511T3kUDO-L._AC_-12x12.jpg 12w, https:\/\/mj-clothing.com\/wp-content\/uploads\/2025\/01\/511T3kUDO-L._AC_-100x100.jpg 100w\" sizes=\"auto, (max-width: 500px) 100vw, 500px\" \/>\t\t\t\t\t\t\n\t\t\t\t\t<\/div>\n\t\t\t\t\t\t<\/a>\t\t\n<style>\n#image_1315359427 {\n  width: 100%;\n}\n<\/style>\n\t<\/div>\n\t\n\t\t<\/div>\n\t\t\t\t\t<\/div>\n\n\t\n<\/div>\n<div data-zone-id=\"0\" data-line-index=\"0\" data-line=\"true\"><\/div>\n<div data-zone-id=\"0\" data-line-index=\"2\" data-line=\"true\">\n<h2 class=\"heading-h2\"><span class=\"ez-toc-section\" id=\"A_Importance_of_How_To_Measure_For_a_Mens_Jacket\"><\/span>A. A f\u00e9rfi kab\u00e1t m\u00e9r\u00e9s\u00e9nek fontoss\u00e1ga<span class=\"ez-toc-section-end\"><\/span><\/h2>\n<\/div>\n<div data-zone-id=\"0\" data-line-index=\"3\" data-line=\"true\">A kifog\u00e1stalanul illeszked\u0151 kab\u00e1t h\u00edzeleg a testalkatodnak,Hogyan kell m\u00e9rni egy f\u00e9rfi kab\u00e1tot, kiemeli a legjobb tulajdons\u00e1gaidat, \u00e9s optim\u00e1lis k\u00e9nyelmet biztos\u00edt. A rosszul illeszked\u0151 kab\u00e1tok viszont hanyagul n\u00e9zhet ki, korl\u00e1tozhatj\u00e1k a mozg\u00e1s\u00e1t, vagy el\u0151nytelen sziluettet eredm\u00e9nyezhetnek. Nem csak a trendek k\u00f6vet\u00e9s\u00e9r\u0151l van sz\u00f3, hanem arr\u00f3l is, hogy olyan darabba fektess\u00fcnk be, amelyben a lehet\u0151 legjobban \u00e9rezz\u00fck magunkat \u00e9s a legjobban n\u00e9z\u00fcnk ki. Egy j\u00f3l illeszked\u0151 kab\u00e1t egy h\u00e9tk\u00f6znapi \u00f6lt\u00f6z\u00e9ket is figyelemfelkelt\u0151v\u00e9 var\u00e1zsolhat, legyen sz\u00f3 klasszikus bl\u00e9zerr\u0151l, alkalmi bomberdzsekir\u0151l vagy meleg t\u00e9likab\u00e1tr\u00f3l.<\/div>\n<div data-zone-id=\"0\" data-line-index=\"4\" data-line=\"true\">\n<h2 class=\"heading-h2\"><span class=\"ez-toc-section\" id=\"B_Overview_of_the_measuring_process\"><\/span>B. A m\u00e9r\u00e9si folyamat \u00e1ttekint\u00e9se<span class=\"ez-toc-section-end\"><\/span><\/h2>\n<\/div>\n<div data-zone-id=\"0\" data-line-index=\"5\" data-line=\"true\">A f\u00e9rfi kab\u00e1t m\u00e9r\u00e9se els\u0151re ijeszt\u0151nek t\u0171nhet, Hogyan kell m\u00e9rni egy f\u00e9rfi kab\u00e1tot, de ez egy egyszer\u0171 folyamat, ha meg\u00e9rti a l\u00e9p\u00e9seket. Ez mag\u00e1ban foglalja a kulcsfontoss\u00e1g\u00fa m\u00e9retek, p\u00e9ld\u00e1ul a mellkasm\u00e9ret, a hossz \u00e9s az ujjhossz meghat\u00e1roz\u00e1s\u00e1t. Ezek a m\u00e9retek \u00fatmutat\u00f3k\u00e9nt szolg\u00e1lnak majd, amikor konfekci\u00f3 kab\u00e1tokat v\u00e1s\u00e1rol, vagy amikor egyedi szab\u00e1s\u00fa darabot rendel. Ha id\u0151t sz\u00e1n a pontos m\u00e9r\u00e9sre, elker\u00fclheti a t\u00f6bbsz\u00f6ri visszak\u00fcld\u00e9ssel \u00e9s cser\u00e9vel j\u00e1r\u00f3 kellemetlens\u00e9geket.<\/div>\n<div data-zone-id=\"0\" data-line-index=\"6\" data-line=\"true\">\n<h2 class=\"heading-h2\"><span class=\"ez-toc-section\" id=\"C_Brief_explanation_of_key_terms\"><\/span>C. A kulcsfogalmak r\u00f6vid magyar\u00e1zata<span class=\"ez-toc-section-end\"><\/span><\/h2>\n<\/div>\n<div data-zone-id=\"0\" data-line-index=\"7\" data-line=\"true\">Miel\u0151tt belemer\u00fcln\u00e9nk a r\u00e9szletekbe, hogyan kell m\u00e9rni egy f\u00e9rfi kab\u00e1tot, ismerkedj\u00fcnk meg n\u00e9h\u00e1ny alapvet\u0151 kifejez\u00e9ssel. A \"mellkasi m\u00e9ret\" a mellkasod legteljesebb r\u00e9sze k\u00f6r\u00fcli ker\u00fcletre utal, jellemz\u0151en a h\u00f3nalj alatt. A \"hossz\" \u00e1ltal\u00e1ban a gall\u00e9r alj\u00e1t\u00f3l a kab\u00e1t als\u00f3 szeg\u00e9ly\u00e9ig tart\u00f3 f\u00fcgg\u0151leges m\u00e9retet jelenti. Ezeknek a kifejez\u00e9seknek a meg\u00e9rt\u00e9se seg\u00edt a hat\u00e9kony kommunik\u00e1ci\u00f3ban a szab\u00f3kkal, illetve a m\u00e9rett\u00e1bl\u00e1zatok \u00f6sszehasonl\u00edt\u00e1sakor.<\/div>\n<div data-zone-id=\"0\" data-line-index=\"8\" data-line=\"true\">\n<h1 class=\"heading-h1\"><span class=\"ez-toc-section\" id=\"II_Understanding_Jacket_Sizing\"><\/span>II. A kab\u00e1t m\u00e9retez\u00e9s\u00e9nek meg\u00e9rt\u00e9se<span class=\"ez-toc-section-end\"><\/span><\/h1>\n<\/div>\n<div data-zone-id=\"0\" data-line-index=\"9\" data-line=\"true\">\n<h2 class=\"heading-h2\"><span class=\"ez-toc-section\" id=\"A_Explaining_the_concept_of_chest_size\"><\/span>A. A mellkasm\u00e9ret fogalm\u00e1nak magyar\u00e1zata<span class=\"ez-toc-section-end\"><\/span><\/h2>\n<\/div>\n<div data-zone-id=\"0\" data-line-index=\"10\" data-line=\"true\">A mellkasi m\u00e9ret vitathatatlanul a legfontosabb m\u00e9r\u00e9s, ha kab\u00e1tr\u00f3l van sz\u00f3. Ez hat\u00e1rozza meg az \u00e1ltal\u00e1nos illeszked\u00e9st \u00e9s a k\u00e9nyelmet. A legt\u00f6bb m\u00e9rett\u00e1bl\u00e1zat a mellkasi m\u00e9reteken alapul, a szabv\u00e1nyos m\u00e9retek a kicsikt\u0151l az extra nagyokig terjednek, a megfelel\u0151 sz\u00e1m\u00e9rt\u00e9kekkel. P\u00e9ld\u00e1ul a k\u00f6zepes m\u00e9ret jellemz\u0151en 38-40 h\u00fcvelyk k\u00f6r\u00fcli mellkasi ker\u00fcletet jelent. Fontos azonban megjegyezni, hogy a m\u00e9retez\u00e9s m\u00e1rk\u00e1nk\u00e9nt v\u00e1ltozhat, ez\u00e9rt a pontos szem\u00e9lyes m\u00e9r\u00e9s elengedhetetlen.<\/div>\n<div data-zone-id=\"0\" data-line-index=\"11\" data-line=\"true\">\n<h2 class=\"heading-h2\"><span class=\"ez-toc-section\" id=\"B_Highlighting_the_importance_of_accurate_measurements\"><\/span>B. A pontos m\u00e9r\u00e9sek fontoss\u00e1g\u00e1nak kiemel\u00e9se<span class=\"ez-toc-section-end\"><\/span><\/h2>\n<\/div>\n<div data-zone-id=\"0\" data-line-index=\"12\" data-line=\"true\">A pontos m\u00e9r\u00e9sek a j\u00f3l illeszked\u0151 kab\u00e1t alapja. M\u00e1r egy h\u00fcvelyknyi elt\u00e9r\u00e9s is t\u00fal sz\u0171k vagy t\u00fal b\u0151 kab\u00e1tot eredm\u00e9nyezhet. Ha a mellkas t\u00fal szoros, \u00fagy \u00e9rzi, hogy beszorul, \u00e9s nehezen tudja szabadon mozgatni a karjait. Ezzel szemben a mellkason t\u00fal nagym\u00e9ret\u0171 kab\u00e1t zs\u00e1kosnak \u00e9s el\u0151nytelennek fog t\u0171nni. A pontos m\u00e9r\u00e9s biztos\u00edtja, hogy a st\u00edlus \u00e9s a k\u00e9nyelem k\u00f6z\u00f6tt a megfelel\u0151 egyens\u00falyt tal\u00e1lja meg.<\/div>\n<div data-zone-id=\"0\" data-line-index=\"13\" data-line=\"true\">\n<h2 class=\"heading-h2\"><span class=\"ez-toc-section\" id=\"C_Differentiating_between_standard_and_tailored_sizing\"><\/span>C. A standard \u00e9s a testre szabott m\u00e9retez\u00e9s megk\u00fcl\u00f6nb\u00f6ztet\u00e9se<span class=\"ez-toc-section-end\"><\/span><\/h2>\n<\/div>\n<div data-zone-id=\"0\" data-line-index=\"14\" data-line=\"true\">A szabv\u00e1nyos m\u00e9retez\u00e9st \u00fagy tervezt\u00e9k, hogy a testalkat sz\u00e9les sk\u00e1l\u00e1j\u00e1ra illeszkedjen, de nem biztos, hogy mindenkinek t\u00f6k\u00e9letes illeszked\u00e9st biztos\u00edt. A szem\u00e9lyre szabott m\u00e9retez\u00e9s viszont az \u00d6n pontos m\u00e9reteihez igazodik. B\u00e1r a m\u00e9retre szabott kab\u00e1tok \u00e1ltal\u00e1ban jobb illeszked\u00e9st biztos\u00edtanak, gyakran dr\u00e1g\u00e1bbak \u00e9s t\u00f6bb id\u0151t vesz ig\u00e9nybe a gy\u00e1rt\u00e1suk. A k\u00fcl\u00f6nbs\u00e9g meg\u00e9rt\u00e9se lehet\u0151v\u00e9 teszi, hogy megalapozott d\u00f6nt\u00e9st hozzon a k\u00f6lts\u00e9gvet\u00e9se \u00e9s st\u00edluspreferenci\u00e1i alapj\u00e1n.<\/div>","protected":false},"excerpt":{"rendered":"<p>A. A Hogyan kell m\u00e9rni egy f\u00e9rfi kab\u00e1thoz A kifog\u00e1stalanul illeszked\u0151 kab\u00e1t h\u00edzeleg a testalkat\u00e1nak,Hogyan kell m\u00e9rni egy f\u00e9rfi kab\u00e1thoz kiemeli a legjobb tulajdons\u00e1gait, \u00e9s optim\u00e1lis k\u00e9nyelmet biztos\u00edt. A rosszul illeszked\u0151 kab\u00e1tok viszont hanyagul n\u00e9zhet ki, korl\u00e1tozhatja a mozg\u00e1s\u00e1t, vagy el\u0151nytelen sziluettet hozhat l\u00e9tre. Ez nem csak [...]","protected":false},"author":3,"featured_media":2177,"comment_status":"open","ping_status":"open","sticky":false,"template":"","format":"standard","meta":{"footnotes":""},"categories":[1],"tags":[],"class_list":["post-2176","post","type-post","status-publish","format-standard","has-post-thumbnail","hentry","category-uncategorized"],"_links":{"self":[{"href":"https:\/\/mj-clothing.com\/hu\/wp-json\/wp\/v2\/posts\/2176","targetHints":{"allow":["GET"]}}],"collection":[{"href":"https:\/\/mj-clothing.com\/hu\/wp-json\/wp\/v2\/posts"}],"about":[{"href":"https:\/\/mj-clothing.com\/hu\/wp-json\/wp\/v2\/types\/post"}],"author":[{"embeddable":true,"href":"https:\/\/mj-clothing.com\/hu\/wp-json\/wp\/v2\/users\/3"}],"replies":[{"embeddable":true,"href":"https:\/\/mj-clothing.com\/hu\/wp-json\/wp\/v2\/comments?post=2176"}],"version-history":[{"count":3,"href":"https:\/\/mj-clothing.com\/hu\/wp-json\/wp\/v2\/posts\/2176\/revisions"}],"predecessor-version":[{"id":2180,"href":"https:\/\/mj-clothing.com\/hu\/wp-json\/wp\/v2\/posts\/2176\/revisions\/2180"}],"wp:featuredmedia":[{"embeddable":true,"href":"https:\/\/mj-clothing.com\/hu\/wp-json\/wp\/v2\/media\/2177"}],"wp:attachment":[{"href":"https:\/\/mj-clothing.com\/hu\/wp-json\/wp\/v2\/media?parent=2176"}],"wp:term":[{"taxonomy":"category","embeddable":true,"href":"https:\/\/mj-clothing.com\/hu\/wp-json\/wp\/v2\/categories?post=2176"},{"taxonomy":"post_tag","embeddable":true,"href":"https:\/\/mj-clothing.com\/hu\/wp-json\/wp\/v2\/tags?post=2176"}],"curies":[{"name":"wp","href":"https:\/\/api.w.org\/{rel}","templated":true}]}}