{"id":2315,"date":"2025-01-20T06:51:17","date_gmt":"2025-01-20T06:51:17","guid":{"rendered":"https:\/\/mj-clothing.com\/?p=2315"},"modified":"2025-01-20T06:53:16","modified_gmt":"2025-01-20T06:53:16","slug":"what-color-jacket-to-wear-with-royal-blue-dress","status":"publish","type":"post","link":"https:\/\/mj-clothing.com\/hu\/what-color-jacket-to-wear-with-royal-blue-dress\/","title":{"rendered":"Milyen sz\u00edn\u0171 kab\u00e1tot viseljen kir\u00e1lyk\u00e9k ruh\u00e1val"},"content":{"rendered":"<div class=\"row\"  id=\"row-2072174080\">\n\n\t<div id=\"col-1793415672\" class=\"col medium-6 small-12 large-6\"  >\n\t\t\t\t<div class=\"col-inner\"  >\n\t\t\t\n\t\t\t\n<div id=\"ez-toc-container\" class=\"ez-toc-v2_0_82_2 counter-hierarchy ez-toc-counter ez-toc-grey ez-toc-container-direction\">\n<div class=\"ez-toc-title-container\">\n<p class=\"ez-toc-title\" style=\"cursor:inherit\">Tartalomjegyz\u00e9k<\/p>\n<span class=\"ez-toc-title-toggle\"><a href=\"#\" class=\"ez-toc-pull-right ez-toc-btn ez-toc-btn-xs ez-toc-btn-default ez-toc-toggle\" aria-label=\"Toggle Tartalomjegyz\u00e9k\"><span class=\"ez-toc-js-icon-con\"><span class=\"\"><span class=\"eztoc-hide\" style=\"display:none;\">Toggle<\/span><span class=\"ez-toc-icon-toggle-span\"><svg style=\"fill: #999;color:#999\" xmlns=\"http:\/\/www.w3.org\/2000\/svg\" class=\"list-377408\" width=\"20px\" height=\"20px\" viewbox=\"0 0 24 24\" fill=\"none\"><path d=\"M6 6H4v2h2V6zm14 0H8v2h12V6zM4 11h2v2H4v-2zm16 0H8v2h12v-2zM4 16h2v2H4v-2zm16 0H8v2h12v-2z\" fill=\"currentColor\"><\/path><\/svg><svg style=\"fill: #999;color:#999\" class=\"arrow-unsorted-368013\" xmlns=\"http:\/\/www.w3.org\/2000\/svg\" width=\"10px\" height=\"10px\" viewbox=\"0 0 24 24\" version=\"1.2\" baseprofile=\"tiny\"><path d=\"M18.2 9.3l-6.2-6.3-6.2 6.3c-.2.2-.3.4-.3.7s.1.5.3.7c.2.2.4.3.7.3h11c.3 0 .5-.1.7-.3.2-.2.3-.5.3-.7s-.1-.5-.3-.7zM5.8 14.7l6.2 6.3 6.2-6.3c.2-.2.3-.5.3-.7s-.1-.5-.3-.7c-.2-.2-.4-.3-.7-.3h-11c-.3 0-.5.1-.7.3-.2.2-.3.5-.3.7s.1.5.3.7z\"\/><\/svg><\/span><\/span><\/span><\/a><\/span><\/div>\n<nav><ul class='ez-toc-list ez-toc-list-level-1' ><li class='ez-toc-page-1 ez-toc-heading-level-3'><a class=\"ez-toc-link ez-toc-heading-1\" href=\"https:\/\/mj-clothing.com\/hu\/what-color-jacket-to-wear-with-royal-blue-dress\/#The_Majestic_Pairing_What_Color_Jacket_to_Wear_with_Royal_Blue_Dress\" >A fens\u00e9ges p\u00e1ros\u00edt\u00e1s: Milyen sz\u00edn\u0171 kab\u00e1t viselni kir\u00e1lyk\u00e9k ruha<\/a><\/li><li class='ez-toc-page-1 ez-toc-heading-level-3'><a class=\"ez-toc-link ez-toc-heading-2\" href=\"https:\/\/mj-clothing.com\/hu\/what-color-jacket-to-wear-with-royal-blue-dress\/#What_Color_Jacket_to_Wear_with_Royal_Blue_Dress\" >Milyen sz\u00edn\u0171 kab\u00e1tot viseljen kir\u00e1lyk\u00e9k ruh\u00e1val<\/a><\/li><li class='ez-toc-page-1 ez-toc-heading-level-3'><a class=\"ez-toc-link ez-toc-heading-3\" href=\"https:\/\/mj-clothing.com\/hu\/what-color-jacket-to-wear-with-royal-blue-dress\/#Complementary_Colors_for_Royal_Blue\" >Kir\u00e1lyi k\u00e9k kieg\u00e9sz\u00edt\u0151 sz\u00ednei<\/a><\/li><\/ul><\/nav><\/div>\n<h3 data-sourcepos=\"3:1-3:75\"><span class=\"ez-toc-section\" id=\"The_Majestic_Pairing_What_Color_Jacket_to_Wear_with_Royal_Blue_Dress\"><\/span><strong>A fens\u00e9ges p\u00e1ros\u00edt\u00e1s: Milyen sz\u00edn\u0171 <a href=\"https:\/\/mj-clothing.com\/hu\/Wholesale\/womens-clothing\/\">Kir\u00e1lyk\u00e9k ruh\u00e1val viselhet\u0151 kab\u00e1t<\/a><\/strong><span class=\"ez-toc-section-end\"><\/span><\/h3>\n<p data-sourcepos=\"5:1-5:492\">A kir\u00e1lyk\u00e9k egy mag\u00e1val ragad\u00f3 sz\u00edn, amely eleganci\u00e1t \u00e9s kifinomults\u00e1got sug\u00e1roz.Milyen sz\u00edn\u0171 kab\u00e1tot viselj\u00fcnk kir\u00e1lyk\u00e9k ruh\u00e1hoz.Ez egy sokoldal\u00fa \u00e1rnyalat, amelyet fel vagy le lehet \u00f6lt\u00f6ztetni, \u00edgy sok n\u0151 szekr\u00e9ny\u00e9nek alapdarabja. A megfelel\u0151 sz\u00ednek kiv\u00e1laszt\u00e1sa a kir\u00e1lyk\u00e9kkel val\u00f3 p\u00e1ros\u00edt\u00e1shoz azonban kulcsfontoss\u00e1g\u00fa a harmonikus \u00e9s st\u00edlusos megjelen\u00e9s megteremt\u00e9s\u00e9hez. A sz\u00ednek nagy hat\u00e1ssal vannak a divatra, befoly\u00e1solj\u00e1k az \u00e9rz\u00e9kel\u00e9s\u00fcnket \u00e9s az \u00e9rzelmeinket. A megfelel\u0151 sz\u00ednkombin\u00e1ci\u00f3 feldobhat egy \u00f6lt\u00f6z\u00e9ket, m\u00edg a rossz sz\u00ednkombin\u00e1ci\u00f3 \u00f6ssze\u00fctk\u00f6zhet, \u00e9s ronthatja az \u00e1ltal\u00e1nos eszt\u00e9tik\u00e1t.<\/p>\n\t\t<\/div>\n\t\t\t\t\t<\/div>\n\n\t\n\n\t<div id=\"col-1008224253\" class=\"col medium-6 small-12 large-6\"  >\n\t\t\t\t<div class=\"col-inner\"  >\n\t\t\t\n\t\t\t\n\t<div class=\"img has-hover x md-x lg-x y md-y lg-y\" id=\"image_1774198566\">\n\t\t<a class=\"\" href=\"https:\/\/mj-clothing.com\/hu\/Wholesale\/womens-clothing\/\" >\t\t\t\t\t\t<div class=\"img-inner dark\" >\n\t\t\t<img loading=\"lazy\" decoding=\"async\" width=\"1020\" height=\"765\" src=\"https:\/\/mj-clothing.com\/wp-content\/uploads\/2025\/01\/v4-1200px-Choose-Your-Best-Clothing-Colors-Step-13-1024x768.jpg\" class=\"attachment-large size-large\" alt=\"Milyen sz\u00edn\u0171 kab\u00e1tot viseljen kir\u00e1lyk\u00e9k ruh\u00e1val\" srcset=\"https:\/\/mj-clothing.com\/wp-content\/uploads\/2025\/01\/v4-1200px-Choose-Your-Best-Clothing-Colors-Step-13-1024x768.jpg 1024w, https:\/\/mj-clothing.com\/wp-content\/uploads\/2025\/01\/v4-1200px-Choose-Your-Best-Clothing-Colors-Step-13-300x225.jpg 300w, https:\/\/mj-clothing.com\/wp-content\/uploads\/2025\/01\/v4-1200px-Choose-Your-Best-Clothing-Colors-Step-13-768x576.jpg 768w, https:\/\/mj-clothing.com\/wp-content\/uploads\/2025\/01\/v4-1200px-Choose-Your-Best-Clothing-Colors-Step-13-16x12.jpg 16w, https:\/\/mj-clothing.com\/wp-content\/uploads\/2025\/01\/v4-1200px-Choose-Your-Best-Clothing-Colors-Step-13-600x450.jpg 600w, https:\/\/mj-clothing.com\/wp-content\/uploads\/2025\/01\/v4-1200px-Choose-Your-Best-Clothing-Colors-Step-13.jpg 1200w\" sizes=\"auto, (max-width: 1020px) 100vw, 1020px\" \/>\t\t\t\t\t\t\n\t\t\t\t\t<\/div>\n\t\t\t\t\t\t<\/a>\t\t\n<style>\n#image_1774198566 {\n  width: 100%;\n}\n<\/style>\n\t<\/div>\n\t\n\t\t<\/div>\n\t\t\t\t\t<\/div>\n\n\t\n<\/div>\n<h3 data-sourcepos=\"7:1-7:51\"><span class=\"ez-toc-section\" id=\"What_Color_Jacket_to_Wear_with_Royal_Blue_Dress\"><\/span><strong>Milyen sz\u00edn\u0171 kab\u00e1tot viseljen kir\u00e1lyk\u00e9k ruh\u00e1val<\/strong><span class=\"ez-toc-section-end\"><\/span><\/h3>\n<p data-sourcepos=\"9:1-9:124\">A kir\u00e1lyk\u00e9k ruh\u00e1t kieg\u00e9sz\u00edt\u0151 t\u00f6k\u00e9letes kab\u00e1t kiv\u00e1laszt\u00e1sa alapos megfontol\u00e1st ig\u00e9nyel. \u00cdme n\u00e9h\u00e1ny nyer\u0151 v\u00e1laszt\u00e1s:<\/p>\n<ul data-sourcepos=\"11:1-16:0\">\n<li data-sourcepos=\"11:1-11:164\"><strong>Fekete:<\/strong> Az id\u0151tlen klasszikus, a fekete kab\u00e1t eleg\u00e1ns \u00e9s kifinomult kontrasztot ny\u00fajt. \u00c9les, eleg\u00e1ns megjelen\u00e9st eredm\u00e9nyez, amely k\u00fcl\u00f6nb\u00f6z\u0151 alkalmakra alkalmas.<\/li>\n<li data-sourcepos=\"12:1-12:171\"><strong>Feh\u00e9r:<\/strong> A ny\u00e1riasabb \u00e9s \u00fcd\u00edt\u0151bb hangulathoz egy feh\u00e9r kab\u00e1t \u00e9les \u00e9s tiszta kontrasztot k\u00edn\u00e1l. Vil\u00e1gos \u00e9s l\u00e9gies megjelen\u00e9st eredm\u00e9nyez, amely t\u00f6k\u00e9letes a nappali esem\u00e9nyekhez.<\/li>\n<li data-sourcepos=\"13:1-13:199\"><strong>Sz\u00fcrke:<\/strong> A semleges \u00e9s sokoldal\u00fa v\u00e1laszt\u00e1s, a sz\u00fcrke kab\u00e1t finom, m\u00e9gis eleg\u00e1ns kontrasztot ny\u00fajt. Kifinomult \u00e9s visszafogott megjelen\u00e9st eredm\u00e9nyez, amely alkalmi \u00e9s hivatalos alkalmakra egyar\u00e1nt alkalmas.<\/li>\n<li data-sourcepos=\"14:1-14:200\"><strong>Haditenger\u00e9szet:<\/strong> A monokr\u00f3m \u00e9s eleg\u00e1ns megjelen\u00e9shez egy tenger\u00e9szk\u00e9k kab\u00e1t harmonikus \u00e9s kifinomult p\u00e1ros\u00edt\u00e1st alkot. Milyen sz\u00edn\u0171 kab\u00e1tot viselj\u00fcnk kir\u00e1lyk\u00e9k ruh\u00e1val M\u00e9lys\u00e9get \u00e9s dimenzi\u00f3t k\u00f6lcs\u00f6n\u00f6z a kir\u00e1lyk\u00e9knek, mik\u00f6zben fenntartja az egys\u00e9ges \u00f6sszk\u00e9pet.<\/li>\n<li data-sourcepos=\"15:1-16:0\"><strong>B\u00e9zs:<\/strong> A meleg \u00e9s h\u00edvogat\u00f3 v\u00e1laszt\u00e1s, a b\u00e9zs sz\u00edn\u0171 kab\u00e1t l\u00e1gy \u00e9s eleg\u00e1ns kontrasztot teremt. Laza \u00e9s kifinomult megjelen\u00e9st eredm\u00e9nyez, amely t\u00f6k\u00e9letes alkalmi kir\u00e1ndul\u00e1sokhoz.<\/li>\n<\/ul>\n<h3 data-sourcepos=\"17:1-17:39\"><span class=\"ez-toc-section\" id=\"Complementary_Colors_for_Royal_Blue\"><\/span><strong>Kir\u00e1lyi k\u00e9k kieg\u00e9sz\u00edt\u0151 sz\u00ednei<\/strong><span class=\"ez-toc-section-end\"><\/span><\/h3>\n<p data-sourcepos=\"19:1-19:181\">A kieg\u00e9sz\u00edt\u0151 sz\u00ednek egym\u00e1ssal szemben helyezkednek el a sz\u00ednk\u00f6r\u00f6n,Milyen sz\u00edn\u0171 kab\u00e1tot viselj\u00fcnk kir\u00e1lyk\u00e9k ruh\u00e1val, ami felt\u0171n\u0151 \u00e9s \u00e9l\u00e9nk kontrasztot teremt. \u00cdme n\u00e9h\u00e1ny kieg\u00e9sz\u00edt\u0151 sz\u00edn, amelyek gy\u00f6ny\u00f6r\u0171en kieg\u00e9sz\u00edtik a kir\u00e1lyk\u00e9ket:<\/p>\n<ul data-sourcepos=\"21:1-24:0\">\n<li data-sourcepos=\"21:1-21:209\"><strong>Narancs:<\/strong> A mer\u00e9sz \u00e9s energikus v\u00e1laszt\u00e1s, a narancs \u00e9l\u00e9nk sz\u00ednpomp\u00e1t k\u00f6lcs\u00f6n\u00f6z a kir\u00e1lyk\u00e9k \u00f6lt\u00f6z\u00e9knek. Fontolja meg a narancss\u00e1rga kieg\u00e9sz\u00edt\u0151k, p\u00e9ld\u00e1ul cip\u0151k, t\u00e1sk\u00e1k vagy \u00e9kszerek haszn\u00e1lat\u00e1t a st\u00edlusos \u00e9s figyelemfelkelt\u0151 megjelen\u00e9s \u00e9rdek\u00e9ben.<\/li>\n<li data-sourcepos=\"22:1-22:205\"><strong>S\u00e1rga:<\/strong> A vid\u00e1m \u00e9s naps\u00fct\u00e9ses v\u00e1laszt\u00e1s, a s\u00e1rga f\u00e9nyes \u00e9s j\u00e1t\u00e9kos von\u00e1st k\u00f6lcs\u00f6n\u00f6z a kir\u00e1lyk\u00e9k \u00f6lt\u00f6z\u00e9knek. Egy kis s\u00e1rga sz\u00edn, p\u00e9ld\u00e1ul egy s\u00e1l vagy egy p\u00e1r f\u00fclbeval\u00f3 felt\u0171n\u0151 \u00e9s eml\u00e9kezetes megjelen\u00e9st eredm\u00e9nyezhet.<\/li>\n<li data-sourcepos=\"23:1-24:0\"><strong>Z\u00f6ld:<\/strong> A term\u00e9szetes \u00e9s friss\u00edt\u0151 v\u00e1laszt\u00e1s, a z\u00f6ld harmonikus \u00e9s kiegyens\u00falyozott megjelen\u00e9st biztos\u00edt a kir\u00e1lyk\u00e9kkel. Fontolja meg, hogy egy kir\u00e1lyk\u00e9k ruh\u00e1t z\u00f6ld kab\u00e1ttal vagy egy p\u00e1r z\u00f6ld cip\u0151vel p\u00e1ros\u00edt egy kifinomult \u00e9s eleg\u00e1ns egy\u00fctteshez.<\/li>\n<\/ul>\n<p data-sourcepos=\"25:1-25:33\"><strong>Semleges sz\u00ednek a kir\u00e1lyi k\u00e9khez<\/strong><\/p>\n<p data-sourcepos=\"27:1-27:185\">A semleges sz\u00ednek hihetetlen\u00fcl sokoldal\u00faak, \u00e9s k\u00f6nnyed\u00e9n kieg\u00e9sz\u00edthetik a sz\u00ednek sz\u00e9les sk\u00e1l\u00e1j\u00e1t, Milyen sz\u00edn\u0171 kab\u00e1tot viselj\u00fcnk kir\u00e1lyk\u00e9k ruh\u00e1hoz, bele\u00e9rtve a kir\u00e1lyk\u00e9ket is. \u00cdme n\u00e9h\u00e1ny semleges sz\u00edn, amely gy\u00f6ny\u00f6r\u0171en m\u0171k\u00f6dik egy\u00fctt a kir\u00e1lyk\u00e9kkel:<\/p>\n<ul data-sourcepos=\"29:1-33:0\">\n<li data-sourcepos=\"29:1-29:213\"><strong>Fekete:<\/strong> Mint m\u00e1r eml\u00edtett\u00fck, a fekete egy id\u0151tlen klasszikus, amely kifinomult \u00e9s eleg\u00e1ns kontrasztot alkot a kir\u00e1lyk\u00e9kkel. Beilleszthet\u0151 kieg\u00e9sz\u00edt\u0151k\u00f6n, kab\u00e1tokon vagy ak\u00e1r egy fekete nadr\u00e1gon kereszt\u00fcl.<\/li>\n<li data-sourcepos=\"30:1-30:182\"><strong>Feh\u00e9r:<\/strong> A feh\u00e9r tiszta \u00e9s \u00e9les kontrasztot biztos\u00edt, amely feldobja a kir\u00e1lyk\u00e9k ruh\u00e1t. Egy feh\u00e9r bl\u00faz, egy feh\u00e9r nadr\u00e1g vagy egy feh\u00e9r kab\u00e1t r\u00e9v\u00e9n is be\u00e9p\u00edthet\u0151.<\/li>\n<li data-sourcepos=\"31:1-31:196\"><strong>Sz\u00fcrke:<\/strong> A sz\u00fcrke finom \u00e9s kifinomult kontrasztot ny\u00fajt, amely m\u00e9lys\u00e9get \u00e9s dimenzi\u00f3t k\u00f6lcs\u00f6n\u00f6z a kir\u00e1lyk\u00e9k ruh\u00e1nak. Beilleszthet\u0151 kieg\u00e9sz\u00edt\u0151kkel, kab\u00e1tokkal vagy ak\u00e1r egy sz\u00fcrke nadr\u00e1ggal is.<\/li>\n<li data-sourcepos=\"32:1-33:0\"><strong>B\u00e9zs:<\/strong> A b\u00e9zs meleg \u00e9s h\u00edvogat\u00f3 kontrasztot teremt, amely l\u00e1gy\u00edtja a kir\u00e1lyk\u00e9k intenzit\u00e1s\u00e1t. Beilleszthet\u0151 kieg\u00e9sz\u00edt\u0151k\u00f6n, kab\u00e1tokon vagy ak\u00e1r egy b\u00e9zs sz\u00edn\u0171 nadr\u00e1gon kereszt\u00fcl.<\/li>\n<\/ul>\n<p data-sourcepos=\"34:1-34:39\"><strong>N\u00e9pszer\u0171 sz\u00edn trendek a Royal Blue sz\u00e1m\u00e1ra<\/strong><\/p>\n<p data-sourcepos=\"36:1-36:176\">Milyen sz\u00edn\u0171 kab\u00e1tot viselj\u00fcnk kir\u00e1lyk\u00e9k ruh\u00e1hoz Az aktu\u00e1lis divattrendek k\u00f6vet\u00e9se seg\u00edthet abban, hogy a leg\u00fajabb sz\u00ednkombin\u00e1ci\u00f3kat be\u00e9p\u00edts\u00fck kir\u00e1lyk\u00e9k ruh\u00e1inkba. \u00cdme n\u00e9h\u00e1ny n\u00e9pszer\u0171 sz\u00edntrend a kir\u00e1lyk\u00e9khez:<\/p>\n<ul data-sourcepos=\"38:1-42:0\">\n<li data-sourcepos=\"38:1-38:140\"><strong>Kir\u00e1lyk\u00e9k \u00e9s arany:<\/strong> Ez a klasszikus kombin\u00e1ci\u00f3 luxust \u00e9s kifinomults\u00e1got sug\u00e1roz.Milyen sz\u00edn\u0171 kab\u00e1tot viselj\u00fcnk kir\u00e1lyk\u00e9k ruh\u00e1hoz? T\u00f6k\u00e9letes esti esem\u00e9nyekre \u00e9s k\u00fcl\u00f6nleges alkalmakra.<\/li>\n<li data-sourcepos=\"39:1-39:131\"><strong>Kir\u00e1lyk\u00e9k \u00e9s ez\u00fcst:<\/strong> Ez a kombin\u00e1ci\u00f3 modernebb \u00e9s elb\u0171v\u00f6l\u0151bb megjelen\u00e9st biztos\u00edt. T\u00f6k\u00e9letes partikra \u00e9s \u00fcnnepi esem\u00e9nyekre.<\/li>\n<li data-sourcepos=\"40:1-40:144\"><strong>Kir\u00e1lyk\u00e9k \u00e9s smaragdz\u00f6ld:<\/strong> Ez a kombin\u00e1ci\u00f3 leny\u0171g\u00f6z\u0151 \u00e9s dr\u00e1mai megjelen\u00e9st eredm\u00e9nyez. T\u00f6k\u00e9letes esti rendezv\u00e9nyekre \u00e9s hivatalos alkalmakra.<\/li>\n<li data-sourcepos=\"41:1-42:0\"><strong>Kir\u00e1lyk\u00e9k \u00e9s korall:<\/strong> Ez a kombin\u00e1ci\u00f3 \u00e9l\u00e9nk \u00e9s j\u00e1t\u00e9kos megjelen\u00e9st eredm\u00e9nyez. T\u00f6k\u00e9letes ny\u00e1ri rendezv\u00e9nyekre \u00e9s nappali kir\u00e1ndul\u00e1sokra.<\/li>\n<\/ul>\n<p data-sourcepos=\"43:1-43:20\"><strong>Gyakori k\u00e9rd\u00e9sek<\/strong><\/p>\n<ul data-sourcepos=\"45:1-48:0\">\n<li data-sourcepos=\"45:1-45:149\"><strong>Fekete sz\u00ednt viselhetsz kir\u00e1lyk\u00e9kkel?<\/strong> Abszol\u00fat! A fekete egy id\u0151tlen klasszikus, amely kifinomult \u00e9s eleg\u00e1ns kontrasztot alkot a kir\u00e1lyk\u00e9kkel.<\/li>\n<li data-sourcepos=\"46:1-46:171\"><strong>Milyen \u00e9kszer sz\u00ednek eg\u00e9sz\u00edtik ki a kir\u00e1lyk\u00e9k ruh\u00e1kat?<\/strong> Az ez\u00fcst, az arany, a gy\u00e9m\u00e1nt \u00e9s az olyan dr\u00e1gak\u00f6vek, mint a smaragd, a zaf\u00edr \u00e9s a rubin mind gy\u00f6ny\u00f6r\u0171en kieg\u00e9sz\u00edtik a kir\u00e1lyk\u00e9ket.<\/li>\n<li data-sourcepos=\"47:1-48:0\"><strong>Vannak olyan sz\u00ednek, amelyeket ker\u00fclni kell a kir\u00e1lyk\u00e9k visel\u00e9sekor?<\/strong> Nincsenek szigor\u00fa \u00e9s egy\u00e9rtelm\u0171 szab\u00e1lyok, de \u00e1ltal\u00e1ban a legjobb, ha elker\u00fclj\u00fck a kir\u00e1lyk\u00e9kkel \u00fctk\u00f6z\u0151 sz\u00edneket, p\u00e9ld\u00e1ul az \u00e9l\u00e9nk r\u00f3zsasz\u00ednt vagy a neonz\u00f6ldet.<\/li>\n<\/ul>\n<p data-sourcepos=\"49:1-49:14\"><strong>K\u00f6vetkeztet\u00e9s<\/strong><\/p>\n<p data-sourcepos=\"51:1-51:453\">Milyen sz\u00edn\u0171 kab\u00e1tot viselj\u00fcnk kir\u00e1lyk\u00e9k ruh\u00e1hoz A kir\u00e1lyk\u00e9k egy mag\u00e1val ragad\u00f3 sz\u00edn, amely v\u00e9gtelen lehet\u0151s\u00e9geket k\u00edn\u00e1l, amikor a st\u00edlusr\u00f3l van sz\u00f3. A sz\u00ednelm\u00e9let alapelveinek meg\u00e9rt\u00e9s\u00e9vel \u00e9s a k\u00fcl\u00f6nb\u00f6z\u0151 sz\u00ednkombin\u00e1ci\u00f3k felfedez\u00e9s\u00e9vel leny\u0171g\u00f6z\u0151 \u00e9s kifinomult \u00f6lt\u00f6z\u00e9keket hozhat l\u00e9tre, amelyek megmutatj\u00e1k egyedi st\u00edlus\u00e1t. Ak\u00e1r az olyan klasszikus kombin\u00e1ci\u00f3kat v\u00e1lasztja, mint a fekete \u00e9s a kir\u00e1lyk\u00e9k, ak\u00e1r mer\u00e9szebb v\u00e1laszt\u00e1sokat, mint a narancss\u00e1rga \u00e9s a kir\u00e1lyk\u00e9k, ne feledje, hogy k\u00eds\u00e9rletezzen \u00e9s sz\u00f3rakozzon a divatv\u00e1laszt\u00e1saival.<\/p>","protected":false},"excerpt":{"rendered":"<p>Milyen sz\u00edn\u0171 kab\u00e1tot viselj\u00fcnk kir\u00e1lyk\u00e9k ruh\u00e1hoz A kir\u00e1lyk\u00e9k ruh\u00e1t kieg\u00e9sz\u00edt\u0151 t\u00f6k\u00e9letes kab\u00e1t kiv\u00e1laszt\u00e1sa alapos megfontol\u00e1st ig\u00e9nyel. \u00cdme n\u00e9h\u00e1ny nyer\u0151 v\u00e1laszt\u00e1s: Fekete: A fekete kab\u00e1t id\u0151tlen klasszikus, eleg\u00e1ns \u00e9s kifinomult kontrasztot biztos\u00edt. \u00c9les, eleg\u00e1ns megjelen\u00e9st eredm\u00e9nyez, amely k\u00fcl\u00f6nb\u00f6z\u0151 alkalmakra alkalmas. Feh\u00e9r: A [...]","protected":false},"author":3,"featured_media":2316,"comment_status":"open","ping_status":"open","sticky":false,"template":"","format":"standard","meta":{"footnotes":""},"categories":[1],"tags":[],"class_list":["post-2315","post","type-post","status-publish","format-standard","has-post-thumbnail","hentry","category-uncategorized"],"_links":{"self":[{"href":"https:\/\/mj-clothing.com\/hu\/wp-json\/wp\/v2\/posts\/2315","targetHints":{"allow":["GET"]}}],"collection":[{"href":"https:\/\/mj-clothing.com\/hu\/wp-json\/wp\/v2\/posts"}],"about":[{"href":"https:\/\/mj-clothing.com\/hu\/wp-json\/wp\/v2\/types\/post"}],"author":[{"embeddable":true,"href":"https:\/\/mj-clothing.com\/hu\/wp-json\/wp\/v2\/users\/3"}],"replies":[{"embeddable":true,"href":"https:\/\/mj-clothing.com\/hu\/wp-json\/wp\/v2\/comments?post=2315"}],"version-history":[{"count":3,"href":"https:\/\/mj-clothing.com\/hu\/wp-json\/wp\/v2\/posts\/2315\/revisions"}],"predecessor-version":[{"id":2319,"href":"https:\/\/mj-clothing.com\/hu\/wp-json\/wp\/v2\/posts\/2315\/revisions\/2319"}],"wp:featuredmedia":[{"embeddable":true,"href":"https:\/\/mj-clothing.com\/hu\/wp-json\/wp\/v2\/media\/2316"}],"wp:attachment":[{"href":"https:\/\/mj-clothing.com\/hu\/wp-json\/wp\/v2\/media?parent=2315"}],"wp:term":[{"taxonomy":"category","embeddable":true,"href":"https:\/\/mj-clothing.com\/hu\/wp-json\/wp\/v2\/categories?post=2315"},{"taxonomy":"post_tag","embeddable":true,"href":"https:\/\/mj-clothing.com\/hu\/wp-json\/wp\/v2\/tags?post=2315"}],"curies":[{"name":"wp","href":"https:\/\/api.w.org\/{rel}","templated":true}]}}