{"id":2108,"date":"2025-01-07T06:44:51","date_gmt":"2025-01-07T06:44:51","guid":{"rendered":"https:\/\/mj-clothing.com\/?p=2108"},"modified":"2025-01-07T06:49:48","modified_gmt":"2025-01-07T06:49:48","slug":"can-men-wear-womens-clothes-in-public","status":"publish","type":"post","link":"https:\/\/mj-clothing.com\/tr\/can-men-wear-womens-clothes-in-public\/","title":{"rendered":"Erkekler Toplum \u0130\u00e7inde Kad\u0131n K\u0131yafetleri Giyebilir mi?"},"content":{"rendered":"<div class=\"row\"  id=\"row-917195640\">\n\n\t<div id=\"col-869741488\" class=\"col medium-6 small-12 large-6\"  >\n\t\t\t\t<div class=\"col-inner\"  >\n\t\t\t\n\t\t\t\n<div id=\"ez-toc-container\" class=\"ez-toc-v2_0_82_2 counter-hierarchy ez-toc-counter ez-toc-grey ez-toc-container-direction\">\n<div class=\"ez-toc-title-container\">\n<p class=\"ez-toc-title\" style=\"cursor:inherit\">\u0130\u00e7indekiler<\/p>\n<span class=\"ez-toc-title-toggle\"><a href=\"#\" class=\"ez-toc-pull-right ez-toc-btn ez-toc-btn-xs ez-toc-btn-default ez-toc-toggle\" aria-label=\"\u0130\u00e7erik Tablosunu De\u011fi\u015ftir\"><span class=\"ez-toc-js-icon-con\"><span class=\"\"><span class=\"eztoc-hide\" style=\"display:none;\">Ge\u00e7i\u015f<\/span><span class=\"ez-toc-icon-toggle-span\"><svg style=\"fill: #999;color:#999\" xmlns=\"http:\/\/www.w3.org\/2000\/svg\" class=\"list-377408\" width=\"20px\" height=\"20px\" viewbox=\"0 0 24 24\" fill=\"none\"><path d=\"M6 6H4v2h2V6zm14 0H8v2h12V6zM4 11h2v2H4v-2zm16 0H8v2h12v-2zM4 16h2v2H4v-2zm16 0H8v2h12v-2z\" fill=\"currentColor\"><\/path><\/svg><svg style=\"fill: #999;color:#999\" class=\"arrow-unsorted-368013\" xmlns=\"http:\/\/www.w3.org\/2000\/svg\" width=\"10px\" height=\"10px\" viewbox=\"0 0 24 24\" version=\"1.2\" baseprofile=\"tiny\"><path d=\"M18.2 9.3l-6.2-6.3-6.2 6.3c-.2.2-.3.4-.3.7s.1.5.3.7c.2.2.4.3.7.3h11c.3 0 .5-.1.7-.3.2-.2.3-.5.3-.7s-.1-.5-.3-.7zM5.8 14.7l6.2 6.3 6.2-6.3c.2-.2.3-.5.3-.7s-.1-.5-.3-.7c-.2-.2-.4-.3-.7-.3h-11c-.3 0-.5.1-.7.3-.2.2-.3.5-.3.7s.1.5.3.7z\"\/><\/svg><\/span><\/span><\/span><\/a><\/span><\/div>\n<nav><ul class='ez-toc-list ez-toc-list-level-1' ><li class='ez-toc-page-1 ez-toc-heading-level-2'><a class=\"ez-toc-link ez-toc-heading-1\" href=\"https:\/\/mj-clothing.com\/tr\/can-men-wear-womens-clothes-in-public\/#Can_Men_Wear_Womens_Clothes_in_Public\" >Erkekler Toplum \u0130\u00e7inde Kad\u0131n K\u0131yafetleri Giyebilir mi?<\/a><\/li><li class='ez-toc-page-1 ez-toc-heading-level-2'><a class=\"ez-toc-link ez-toc-heading-2\" href=\"https:\/\/mj-clothing.com\/tr\/can-men-wear-womens-clothes-in-public\/#Historical_Perspective\" >Tarihsel Perspektif<\/a><\/li><li class='ez-toc-page-1 ez-toc-heading-level-2'><a class=\"ez-toc-link ez-toc-heading-3\" href=\"https:\/\/mj-clothing.com\/tr\/can-men-wear-womens-clothes-in-public\/#Breaking_Down_Gender_Stereotypes\" >Toplumsal Cinsiyet Kli\u015felerini Y\u0131kmak<\/a><\/li><li class='ez-toc-page-1 ez-toc-heading-level-2'><a class=\"ez-toc-link ez-toc-heading-4\" href=\"https:\/\/mj-clothing.com\/tr\/can-men-wear-womens-clothes-in-public\/#Celebrities_and_Influencers_Leading_the_Way\" >\u00dcnl\u00fcler ve Etkileyiciler \u00d6nc\u00fc Oluyor<\/a><\/li><li class='ez-toc-page-1 ez-toc-heading-level-2'><a class=\"ez-toc-link ez-toc-heading-5\" href=\"https:\/\/mj-clothing.com\/tr\/can-men-wear-womens-clothes-in-public\/#Personal_Freedom_and_Self-Expression\" >Ki\u015fisel \u00d6zg\u00fcrl\u00fck ve Kendini \u0130fade Etme<\/a><\/li><li class='ez-toc-page-1 ez-toc-heading-level-2'><a class=\"ez-toc-link ez-toc-heading-6\" href=\"https:\/\/mj-clothing.com\/tr\/can-men-wear-womens-clothes-in-public\/#Conclusion\" >Sonu\u00e7<\/a><\/li><\/ul><\/nav><\/div>\n<h2 data-sourcepos=\"1:1-1:42\"><span class=\"ez-toc-section\" id=\"Can_Men_Wear_Womens_Clothes_in_Public\"><\/span>Erkekler Giyebilir mi <a href=\"https:\/\/mj-clothing.com\/tr\/Wholesale\/womens-clothing\/\">Kad\u0131n Giysileri<\/a> Halk\u0131n i\u00e7inde mi?<span class=\"ez-toc-section-end\"><\/span><\/h2>\n<p data-sourcepos=\"3:1-3:499\">Erkekler toplum i\u00e7inde kad\u0131n k\u0131yafeti giyebilir mi sorusu uzun zamand\u0131r tart\u0131\u015f\u0131lan bir konu olup, genellikle k\u00f6kle\u015fmi\u015f sosyal normlar ve toplumsal cinsiyet stereotipleri ile i\u00e7 i\u00e7e ge\u00e7mi\u015ftir. Geleneksel cinsiyet rolleri tarihsel olarak k\u0131yafet se\u00e7imlerini belirlerken, giderek b\u00fcy\u00fcyen bir hareket bu normlara meydan okumakta ve kendini ifade etme \u00f6zg\u00fcrl\u00fc\u011f\u00fcn\u00fc savunmaktad\u0131r. Bu makale, erkeklerin toplum i\u00e7inde kad\u0131n k\u0131yafetleri giymesine ili\u015fkin tarihsel ba\u011flam\u0131, toplumsal etkileri ve geli\u015fen bak\u0131\u015f a\u00e7\u0131lar\u0131n\u0131 inceleyecektir.<\/p>\n\t\t<\/div>\n\t\t\t\t\t<\/div>\n\n\t\n\n\t<div id=\"col-424546174\" class=\"col medium-6 small-12 large-6\"  >\n\t\t\t\t<div class=\"col-inner\"  >\n\t\t\t\n\t\t\t\n\t<div class=\"img has-hover x md-x lg-x y md-y lg-y\" id=\"image_646409166\">\n\t\t<a class=\"\" href=\"https:\/\/mj-clothing.com\/tr\/Wholesale\/womens-clothing\/\" >\t\t\t\t\t\t<div class=\"img-inner dark\" >\n\t\t\t<img loading=\"lazy\" decoding=\"async\" width=\"535\" height=\"760\" src=\"https:\/\/mj-clothing.com\/wp-content\/uploads\/2025\/01\/b84e6977d715fdddfef123532173bced.jpg\" class=\"attachment-large size-large\" alt=\"Erkekler Toplum \u0130\u00e7inde Kad\u0131n K\u0131yafetleri Giyebilir mi?\" srcset=\"https:\/\/mj-clothing.com\/wp-content\/uploads\/2025\/01\/b84e6977d715fdddfef123532173bced.jpg 535w, https:\/\/mj-clothing.com\/wp-content\/uploads\/2025\/01\/b84e6977d715fdddfef123532173bced-211x300.jpg 211w, https:\/\/mj-clothing.com\/wp-content\/uploads\/2025\/01\/b84e6977d715fdddfef123532173bced-8x12.jpg 8w\" sizes=\"auto, (max-width: 535px) 100vw, 535px\" \/>\t\t\t\t\t\t\n\t\t\t\t\t<\/div>\n\t\t\t\t\t\t<\/a>\t\t\n<style>\n#image_646409166 {\n  width: 100%;\n}\n<\/style>\n\t<\/div>\n\t\n\t\t<\/div>\n\t\t\t\t\t<\/div>\n\n\t\n<\/div>\n<p data-sourcepos=\"3:1-3:499\">\u00a0<\/p>\n<h2 data-sourcepos=\"5:1-5:25\"><span class=\"ez-toc-section\" id=\"Historical_Perspective\"><\/span>Tarihsel Perspektif<span class=\"ez-toc-section-end\"><\/span><\/h2>\n<p data-sourcepos=\"7:1-7:591\">Tarih boyunca k\u0131yafetler kimli\u011fin, sosyal stat\u00fcn\u00fcn ve k\u00fclt\u00fcrel ba\u011fl\u0131l\u0131\u011f\u0131n ifade edilmesinde g\u00fc\u00e7l\u00fc bir ara\u00e7 olarak hizmet etmi\u015ftir. Bununla birlikte, Erkekler Toplum \u0130\u00e7inde Kad\u0131n K\u0131yafetleri Giyebilir mi toplumsal cinsiyet normlar\u0131, erkekler ve kad\u0131nlar i\u00e7in neyin uygun k\u0131yafet olarak kabul edilece\u011fini genellikle kat\u0131 bir \u015fekilde dikte etmi\u015ftir. Bat\u0131l\u0131 toplumlar b\u00fcy\u00fck \u00f6l\u00e7\u00fcde ikili cinsiyet rollerine ba\u011fl\u0131 kal\u0131rken, tarih boyunca bir\u00e7ok k\u00fclt\u00fcr cinsiyet ifadesine daha ak\u0131\u015fkan yakla\u015f\u0131mlar sergilemi\u015ftir. \u00d6rne\u011fin, baz\u0131 yerli k\u00fclt\u00fcrlerde erkekler geleneksel olarak etek, tak\u0131 ve \u00f6zenli makyaj gibi Bat\u0131l\u0131 ba\u011flamlarda \"kad\u0131ns\u0131\" olarak kabul edilecek k\u0131yafet ve aksesuarlar giymi\u015ftir.<\/p>\n<p data-sourcepos=\"9:1-9:391\">Modan\u0131n kendisi de tarih boyunca \u00f6nemli de\u011fi\u015fimler ge\u00e7irmi\u015f, k\u0131yafet se\u00e7imlerinde cinsiyetin daha ak\u0131\u015fkan oldu\u011fu d\u00f6nemler ya\u015fanm\u0131\u015ft\u0131r. 18. ve 19. y\u00fczy\u0131llarda erkek modas\u0131 dantel, f\u0131rf\u0131r ve y\u00fcksek topuklu ayakkab\u0131lar gibi genellikle kad\u0131ns\u0131l\u0131kla ili\u015fkilendirilen unsurlar\u0131 benimsemi\u015ftir. Bu d\u00f6nemler modan\u0131n ak\u0131\u015fkanl\u0131\u011f\u0131n\u0131 ve toplumsal cinsiyet ifadesine ili\u015fkin toplumsal beklentilerin de\u011fi\u015fen do\u011fas\u0131n\u0131 vurgulamaktad\u0131r.<\/p>\n<h2 data-sourcepos=\"11:1-11:35\"><span class=\"ez-toc-section\" id=\"Breaking_Down_Gender_Stereotypes\"><\/span>Toplumsal Cinsiyet Kli\u015felerini Y\u0131kmak<span class=\"ez-toc-section-end\"><\/span><\/h2>\n<p data-sourcepos=\"13:1-13:284\">Giysilerin do\u011fas\u0131 gere\u011fi bir cinsiyete sahip oldu\u011fu d\u00fc\u015f\u00fcncesi, k\u00f6kl\u00fc bir toplumsal yap\u0131d\u0131r. Bu kat\u0131 kategorizasyon, bireysel ifadeyi s\u0131n\u0131rland\u0131rmakta ve zararl\u0131 kli\u015feleri s\u00fcrd\u00fcrmektedir. Erkekler Toplum \u0130\u00e7inde Kad\u0131n K\u0131yafetleri Giyebilir mi Bu kal\u0131p yarg\u0131lara meydan okumak, daha kapsay\u0131c\u0131 ve kabullenici bir toplumun te\u015fvik edilmesi i\u00e7in \u00e7ok \u00f6nemlidir.<\/p>\n<p data-sourcepos=\"15:1-15:427\">Giyim, \u00f6z\u00fcnde bir kendini ifade etme bi\u00e7imidir. Bireylerin ki\u015filiklerini, tarzlar\u0131n\u0131 ve ruh hallerini d\u00fcnyaya iletmelerini sa\u011flar. Belirli giysilerin yaln\u0131zca tek bir cinsiyet i\u00e7in oldu\u011fu fikri keyfi ve s\u0131n\u0131rlay\u0131c\u0131 bir k\u0131s\u0131tlamad\u0131r. Giysilerin do\u011fas\u0131nda cinsiyet olmad\u0131\u011f\u0131 fikrini benimseyerek, bireyleri toplumsal beklentilerden ba\u011f\u0131ms\u0131z olarak kimliklerini \u00f6zg\u00fcn bir \u015fekilde yans\u0131tacak \u015fekilde giyinmeleri i\u00e7in g\u00fc\u00e7lendirebiliriz.<\/p>\n<h2 data-sourcepos=\"17:1-17:46\"><span class=\"ez-toc-section\" id=\"Celebrities_and_Influencers_Leading_the_Way\"><\/span>\u00dcnl\u00fcler ve Etkileyiciler \u00d6nc\u00fc Oluyor<span class=\"ez-toc-section-end\"><\/span><\/h2>\n<p data-sourcepos=\"19:1-19:335\">Son y\u0131llarda giderek artan say\u0131da erkek \u00fcnl\u00fc ve influencer, cinsiyet ak\u0131\u015fkan moday\u0131 benimseyerek engelleri y\u0131kt\u0131 ve geleneksel normlara meydan okudu. M\u00fczisyenler ve oyunculardan modellere ve sosyal medya ki\u015filiklerine kadar, bu ki\u015filer platformlar\u0131n\u0131 cinsiyet ifadesinin g\u00fczelli\u011fini ve \u00e7e\u015fitlili\u011fini sergilemek i\u00e7in kullan\u0131yorlar.<\/p>\n<p data-sourcepos=\"21:1-21:283\">Y\u00fcksek profilli isimlerin toplum i\u00e7inde kad\u0131n k\u0131yafetleri giymesinin etkisi k\u00fc\u00e7\u00fcmsenemez. Erkekler Toplum \u0130\u00e7inde Kad\u0131n K\u0131yafetleri Giyebilir mi Bu tercihleri medyada normalle\u015ftirerek, toplumsal alg\u0131lar\u0131n de\u011fi\u015fmesine ve t\u00fcm bireylerin kendilerini moda yoluyla ifade edebilmeleri i\u00e7in daha kapsay\u0131c\u0131 bir alan yarat\u0131lmas\u0131na katk\u0131da bulunuyorlar.<\/p>\n<h2 data-sourcepos=\"23:1-23:39\"><span class=\"ez-toc-section\" id=\"Personal_Freedom_and_Self-Expression\"><\/span>Ki\u015fisel \u00d6zg\u00fcrl\u00fck ve Kendini \u0130fade Etme<span class=\"ez-toc-section-end\"><\/span><\/h2>\n<p data-sourcepos=\"25:1-25:218\">Nihayetinde, ne giyilece\u011fine karar vermek ki\u015fisel \u00f6zg\u00fcrl\u00fck ve kendini ifade etme meselesi olmal\u0131d\u0131r. Her birey kendisini rahat, \u00f6zg\u00fcvenli ve \u00f6zg\u00fcn hissettirecek \u015fekilde giyinme hakk\u0131na sahip olmal\u0131d\u0131r.<\/p>\n<p data-sourcepos=\"27:1-27:220\">Baz\u0131 erkekler i\u00e7in, toplum i\u00e7inde kad\u0131n k\u0131yafetleri giymek g\u00fc\u00e7l\u00fc bir kendini ke\u015ffetme ve kendini kabullenme bi\u00e7imi olabilir. Bu, bireyselliklerini kucaklaman\u0131n, toplumsal beklentilere meydan okuman\u0131n ve kendi stil anlay\u0131\u015flar\u0131n\u0131 geri kazanman\u0131n bir yolu olabilir.<\/p>\n<h2 data-sourcepos=\"29:1-29:13\"><span class=\"ez-toc-section\" id=\"Conclusion\"><\/span>Sonu\u00e7<span class=\"ez-toc-section-end\"><\/span><\/h2>\n<p data-sourcepos=\"31:1-31:552\">Erkeklerin toplum i\u00e7inde kad\u0131n k\u0131yafetleri giymesine ili\u015fkin tart\u0131\u015fma, toplumsal cinsiyet e\u015fitli\u011fi ve bireysel ifade i\u00e7in s\u00fcregelen m\u00fccadeleyi yans\u0131tmaktad\u0131r. Toplumsal normlar ve k\u00f6kle\u015fmi\u015f stereotipler zorluk yaratmaya devam ederken, b\u00fcy\u00fcyen bir hareket daha fazla kabul ve anlay\u0131\u015f i\u00e7in bask\u0131 yap\u0131yor. Toplumsal cinsiyet ifadesinin ak\u0131\u015fkanl\u0131\u011f\u0131n\u0131 kucaklayarak ve giysilerin do\u011fas\u0131nda cinsiyet oldu\u011fu fikrine meydan okuyarak, bireylerin toplumsal beklentilerden ba\u011f\u0131ms\u0131z olarak kendilerini \u00f6zg\u00fcn bir \u015fekilde ifade etmekte \u00f6zg\u00fcr olduklar\u0131 daha kapsay\u0131c\u0131 ve kabullenici bir toplum yaratabiliriz.<\/p>\n<p data-sourcepos=\"33:1-33:265\">Erkekler Toplum \u0130\u00e7inde Kad\u0131n K\u0131yafetleri Giyebilir mi Modan\u0131n gelece\u011fi \u00e7e\u015fitlili\u011fi kucaklamakta ve bireyselli\u011fi kutlamakta yat\u0131yor. Toplumsal tutumlar geli\u015fmeye devam ettik\u00e7e, geleneksel moda normlar\u0131n\u0131n s\u0131n\u0131rlar\u0131n\u0131 zorlayan kad\u0131n ve erkeklerle birlikte cinsiyet ifadesinde daha da fazla ak\u0131\u015fkanl\u0131k g\u00f6rmeyi bekleyebiliriz.<\/p>","protected":false},"excerpt":{"rendered":"<p>\u00a0 Tarihsel Perspektif Tarih boyunca k\u0131yafetler kimli\u011fin, sosyal stat\u00fcn\u00fcn ve k\u00fclt\u00fcrel ba\u011fl\u0131l\u0131\u011f\u0131n ifade edilmesinde g\u00fc\u00e7l\u00fc bir ara\u00e7 olarak hizmet etmi\u015ftir. Ancak, Erkekler Toplum \u0130\u00e7inde Kad\u0131n K\u0131yafetleri Giyebilir mi Toplumsal cinsiyet normlar\u0131, erkekler ve kad\u0131nlar i\u00e7in neyin uygun k\u0131yafet olarak kabul edildi\u011fini genellikle kat\u0131 bir \u015fekilde dikte etmi\u015ftir. Bat\u0131 toplumlar\u0131 b\u00fcy\u00fck \u00f6l\u00e7\u00fcde ikili cinsiyet rollerine ba\u011fl\u0131 kal\u0131rken, bir\u00e7ok k\u00fclt\u00fcr [...]","protected":false},"author":3,"featured_media":2109,"comment_status":"open","ping_status":"open","sticky":false,"template":"","format":"standard","meta":{"footnotes":""},"categories":[1],"tags":[],"class_list":["post-2108","post","type-post","status-publish","format-standard","has-post-thumbnail","hentry","category-uncategorized"],"_links":{"self":[{"href":"https:\/\/mj-clothing.com\/tr\/wp-json\/wp\/v2\/posts\/2108","targetHints":{"allow":["GET"]}}],"collection":[{"href":"https:\/\/mj-clothing.com\/tr\/wp-json\/wp\/v2\/posts"}],"about":[{"href":"https:\/\/mj-clothing.com\/tr\/wp-json\/wp\/v2\/types\/post"}],"author":[{"embeddable":true,"href":"https:\/\/mj-clothing.com\/tr\/wp-json\/wp\/v2\/users\/3"}],"replies":[{"embeddable":true,"href":"https:\/\/mj-clothing.com\/tr\/wp-json\/wp\/v2\/comments?post=2108"}],"version-history":[{"count":2,"href":"https:\/\/mj-clothing.com\/tr\/wp-json\/wp\/v2\/posts\/2108\/revisions"}],"predecessor-version":[{"id":2111,"href":"https:\/\/mj-clothing.com\/tr\/wp-json\/wp\/v2\/posts\/2108\/revisions\/2111"}],"wp:featuredmedia":[{"embeddable":true,"href":"https:\/\/mj-clothing.com\/tr\/wp-json\/wp\/v2\/media\/2109"}],"wp:attachment":[{"href":"https:\/\/mj-clothing.com\/tr\/wp-json\/wp\/v2\/media?parent=2108"}],"wp:term":[{"taxonomy":"category","embeddable":true,"href":"https:\/\/mj-clothing.com\/tr\/wp-json\/wp\/v2\/categories?post=2108"},{"taxonomy":"post_tag","embeddable":true,"href":"https:\/\/mj-clothing.com\/tr\/wp-json\/wp\/v2\/tags?post=2108"}],"curies":[{"name":"wp","href":"https:\/\/api.w.org\/{rel}","templated":true}]}}